{"id":247963,"date":"2025-04-22T21:58:34","date_gmt":"2025-04-23T03:58:34","guid":{"rendered":"https:\/\/anuariolatamseguros.com\/blog\/?p=7847"},"modified":"2025-04-22T21:58:34","modified_gmt":"2025-04-23T03:58:34","slug":"movilidad-la-reduccion-del-uso-del","status":"publish","type":"post","link":"https:\/\/anuariolatamseguros.com\/blog\/financieras\/movilidad-la-reduccion-del-uso-del\/","title":{"rendered":"Movilidad: La Reducci\u00f3n del Uso del Veh\u00edculo Privado"},"content":{"rendered":"\n<h2 class=\"wp-block-heading\">Movilidad: La Reducci\u00f3n del Uso del Veh\u00edculo Privado<\/h2>\n\n\n\n<p>La movilidad urbana enfrenta desaf\u00edos significativos en un mundo cada vez m\u00e1s urbanizado. El uso excesivo del veh\u00edculo privado ha generado problemas como la congesti\u00f3n vial, la contaminaci\u00f3n ambiental y el deterioro de la calidad de vida en las ciudades. <\/p>\n\n\n\n<p class=\"has-text-align-center\"><strong>Haz clic en la imagen:<\/strong><\/p>\n\n\n\n<figure class=\"wp-block-image size-large\"><a href=\"https:\/\/www.lacentral.com.sv\/\"><img decoding=\"async\" src=\"https:\/\/anuariolatamseguros.com\/blog\/wp-content\/uploads\/2025\/04\/Reduccion-de-Vehiculos-1-1024x683.jpg\" alt=\"Movilidad: La Reducci\u00f3n del Uso del Veh\u00edculo Privado\" class=\"wp-image-7849\"\/><\/a><\/figure>\n\n\n\n<p>Reducir la dependencia de los autom\u00f3viles particulares se ha convertido en una prioridad para gobiernos, urbanistas y ciudadanos que buscan modelos de transporte m\u00e1s sostenibles y equitativos. <\/p>\n\n\n\n<p><strong><em>Este art\u00edculo explora las razones detr\u00e1s de la necesidad de disminuir el uso del veh\u00edculo privado, las estrategias para lograrlo y los beneficios que estas transformaciones pueden traer a las sociedades modernas.<\/em><\/strong><\/p>\n\n\n\n<p>La reducci\u00f3n del uso de autom\u00f3viles no solo responde a preocupaciones ambientales, sino tambi\u00e9n a la necesidad de optimizar el espacio urbano y mejorar la accesibilidad. <\/p>\n\n\n\n<p>En muchas ciudades, los veh\u00edculos privados ocupan una proporci\u00f3n desproporcionada del espacio p\u00fablico, mientras que alternativas como el transporte p\u00fablico, la bicicleta y los desplazamientos a pie podr\u00edan satisfacer las necesidades de movilidad de manera m\u00e1s eficiente. <\/p>\n\n\n\n<p>Este cambio requiere un enfoque integral que combine pol\u00edticas p\u00fablicas, infraestructura adecuada y un cambio cultural hacia una movilidad m\u00e1s consciente. A continuaci\u00f3n, se analizan los factores clave, las estrategias implementadas y los impactos de estas iniciativas.<\/p>\n\n\n\n<h2 class=\"wp-block-heading\">Factores que Impulsan la Reducci\u00f3n del Uso del Veh\u00edculo Privado<\/h2>\n\n\n\n<h3 class=\"wp-block-heading\">Congesti\u00f3n y P\u00e9rdida de Tiempo<\/h3>\n\n\n\n<p>La congesti\u00f3n vial es uno de los problemas m\u00e1s visibles en las ciudades modernas.\u00a0<strong>El exceso de veh\u00edculos privados<\/strong>\u00a0contribuye a embotellamientos que generan p\u00e9rdidas econ\u00f3micas significativas y afectan la productividad. <\/p>\n\n\n\n<p>Seg\u00fan estudios, los conductores en \u00e1reas urbanas pueden pasar hasta\u00a0<strong>100 horas al a\u00f1o atrapados en el tr\u00e1fico<\/strong>, lo que tambi\u00e9n incrementa el estr\u00e9s y reduce el tiempo disponible para otras actividades. Este fen\u00f3meno no solo afecta a los conductores, sino tambi\u00e9n al transporte p\u00fablico, que queda atrapado en las mismas v\u00edas.<\/p>\n\n\n\n<h3 class=\"wp-block-heading\">Impacto Ambiental<\/h3>\n\n\n\n<p>Los veh\u00edculos privados son responsables de una gran parte de las emisiones de gases de efecto invernadero.\u00a0<strong>El sector del transporte contribuye con aproximadamente el 25% de las emisiones globales de CO2<\/strong>, y los autom\u00f3viles particulares representan una porci\u00f3n significativa de esta cifra. <\/p>\n\n\n\n<p>La quema de combustibles f\u00f3siles tambi\u00e9n produce contaminantes como \u00f3xidos de nitr\u00f3geno y part\u00edculas finas, que afectan la salud p\u00fablica. Reducir el uso de autom\u00f3viles es, por tanto, una medida clave para combatir el cambio clim\u00e1tico y mejorar la calidad del aire.<\/p>\n\n\n\n<h3 class=\"wp-block-heading\">Inequidad en el Uso del Espacio Urbano<\/h3>\n\n\n\n<p>El dise\u00f1o de muchas ciudades prioriza los autom\u00f3viles, lo que genera una distribuci\u00f3n desigual del espacio p\u00fablico.\u00a0<strong>Un solo veh\u00edculo ocupa el espacio equivalente a 10 bicicletas o 50 peatones<\/strong>, lo que limita las opciones de movilidad para quienes no poseen un autom\u00f3vil. <\/p>\n\n\n\n<p>Este modelo perpet\u00faa la exclusi\u00f3n social, ya que las personas de bajos ingresos suelen depender del transporte p\u00fablico o de modos no motorizados, que a menudo carecen de infraestructura adecuada.<\/p>\n\n\n\n<h2 class=\"wp-block-heading\">Estrategias para Reducir el Uso del Veh\u00edculo Privado<\/h2>\n\n\n\n<h3 class=\"wp-block-heading\">Promoci\u00f3n del Transporte P\u00fablico<\/h3>\n\n\n\n<p>Un sistema de transporte p\u00fablico eficiente y accesible es fundamental para reducir la dependencia del autom\u00f3vil. Las ciudades est\u00e1n invirtiendo en:<\/p>\n\n\n\n<p>\u2022&nbsp;&nbsp;<strong>Ampliaci\u00f3n de redes de metro y autobuses<\/strong>: M\u00e1s rutas y frecuencias mejoran la cobertura y la conveniencia.<\/p>\n\n\n\n<p>\u2022&nbsp;&nbsp;<strong>Tarifas asequibles<\/strong>: Subsidios y pases integrados incentivan el uso del transporte p\u00fablico.<\/p>\n\n\n\n<p>\u2022&nbsp;&nbsp;<strong>Tecnolog\u00eda avanzada<\/strong>: Sistemas de pago sin contacto y aplicaciones de movilidad facilitan la experiencia del usuario.<\/p>\n\n\n\n<p>Por ejemplo, ciudades como Copenhague y Singapur han implementado sistemas de transporte p\u00fablico que compiten con la comodidad del autom\u00f3vil, lo que ha reducido significativamente el uso de veh\u00edculos privados.<\/p>\n\n\n\n<h3 class=\"wp-block-heading\">Fomento de la Movilidad Activa<\/h3>\n\n\n\n<p>La movilidad activa, como caminar y andar en bicicleta, es una alternativa sostenible que tambi\u00e9n mejora la salud p\u00fablica. Las estrategias incluyen:<\/p>\n\n\n\n<p>\u2022&nbsp;&nbsp;<strong>Infraestructura dedicada<\/strong>: Carriles bici seguros y aceras amplias.<\/p>\n\n\n\n<p>\u2022&nbsp;&nbsp;<strong>Programas de bicicletas compartidas<\/strong>: Facilitan el acceso a este medio de transporte.<\/p>\n\n\n\n<p>\u2022&nbsp;&nbsp;<strong>Campa\u00f1as de concienciaci\u00f3n<\/strong>: Promueven los beneficios de la movilidad activa.<\/p>\n\n\n\n<p>Ciudades como \u00c1msterdam han demostrado que una infraestructura bien dise\u00f1ada puede hacer que la bicicleta sea la opci\u00f3n preferida para una gran parte de la poblaci\u00f3n.<\/p>\n\n\n\n<h3 class=\"wp-block-heading\">Pol\u00edticas de Restricci\u00f3n y Disuasi\u00f3n<\/h3>\n\n\n\n<p>Las pol\u00edticas que desincentivan el uso del autom\u00f3vil son esenciales. Estas incluyen:<\/p>\n\n\n\n<p>\u2022&nbsp;&nbsp;<strong>Peajes urbanos<\/strong>: Cobros por circular en zonas congestionadas, como en Londres.<\/p>\n\n\n\n<p>\u2022&nbsp;&nbsp;<strong>Zonas de bajas emisiones<\/strong>: Restringen el acceso de veh\u00edculos contaminantes.<\/p>\n\n\n\n<p>\u2022&nbsp;&nbsp;<strong>Aumento de costos de estacionamiento<\/strong>: Disuaden el uso de autom\u00f3viles en \u00e1reas urbanas.<\/p>\n\n\n\n<p>Estas medidas no solo reducen el tr\u00e1fico, sino que generan ingresos que pueden reinvertirse en transporte sostenible.<\/p>\n\n\n\n<h3 class=\"wp-block-heading\">Urbanismo Orientado al Transporte Sostenible<\/h3>\n\n\n\n<p>El dise\u00f1o urbano juega un papel crucial en la movilidad. Los principios del urbanismo orientado al transporte sostenible (TOD, por sus siglas en ingl\u00e9s) buscan crear comunidades donde los residentes puedan acceder a servicios esenciales sin depender del autom\u00f3vil. Esto implica:<\/p>\n\n\n\n<p>\u2022&nbsp;&nbsp;<strong>Desarrollo de alta densidad cerca de nodos de transporte<\/strong>.<\/p>\n\n\n\n<p>\u2022&nbsp;&nbsp;<strong>Mezcla de usos del suelo<\/strong>: Viviendas, comercios y oficinas en proximidad.<\/p>\n\n\n\n<p>\u2022&nbsp;&nbsp;<strong>Espacios peatonales atractivos<\/strong>: Calles dise\u00f1adas para priorizar a los peatones.<\/p>\n\n\n\n<p>Ciudades como Tokio han implementado este enfoque con \u00e9xito, reduciendo la necesidad de desplazamientos largos en autom\u00f3vil.<\/p>\n\n\n\n<h2 class=\"wp-block-heading\">Beneficios de Reducir el Uso del Veh\u00edculo Privado<\/h2>\n\n\n\n<h3 class=\"wp-block-heading\">Mejoras Ambientales y de Salud P\u00fablica<\/h3>\n\n\n\n<p>La disminuci\u00f3n de veh\u00edculos privados reduce las emisiones contaminantes, lo que contribuye a mitigar el cambio clim\u00e1tico y mejorar la calidad del aire. <\/p>\n\n\n\n<p>Esto tiene un impacto directo en la salud p\u00fablica, disminuyendo enfermedades respiratorias y cardiovasculares. Adem\u00e1s, fomentar la movilidad activa promueve estilos de vida m\u00e1s saludables, reduciendo la obesidad y otras afecciones relacionadas con el sedentarismo.<\/p>\n\n\n\n<h3 class=\"wp-block-heading\">Optimizaci\u00f3n del Espacio Urbano<\/h3>\n\n\n\n<p>Al reducir el n\u00famero de autom\u00f3viles, las ciudades pueden recuperar espacio para otros usos, como parques, plazas y carriles bici. <\/p>\n\n\n\n<p>Esto mejora la est\u00e9tica urbana y crea entornos m\u00e1s habitables. Por ejemplo,\u00a0<strong>la conversi\u00f3n de estacionamientos en \u00e1reas verdes<\/strong>\u00a0ha transformado barrios en ciudades como Par\u00eds, aumentando la calidad de vida de los residentes.<\/p>\n\n\n\n<h3 class=\"wp-block-heading\">Equidad Social<\/h3>\n\n\n\n<p>Un sistema de movilidad inclusivo beneficia a todos los sectores de la poblaci\u00f3n. Al priorizar el transporte p\u00fablico y la movilidad activa, se garantiza que las personas sin acceso a un autom\u00f3vil puedan desplazarse de manera eficiente. Esto reduce las brechas de desigualdad y fomenta la cohesi\u00f3n social.<\/p>\n\n\n\n<h3 class=\"wp-block-heading\">Eficiencia Econ\u00f3mica<\/h3>\n\n\n\n<p>La reducci\u00f3n del uso de autom\u00f3viles disminuye los costos asociados con la congesti\u00f3n, el mantenimiento de carreteras y los accidentes de tr\u00e1fico. <\/p>\n\n\n\n<p>Adem\u00e1s, los ciudadanos ahorran en combustible, mantenimiento y estacionamiento, lo que mejora su econom\u00eda personal.<\/p>\n\n\n\n<p>La reducci\u00f3n del uso del veh\u00edculo privado es un paso crucial hacia ciudades m\u00e1s sostenibles, equitativas y habitables. <\/p>\n\n\n\n<p>Los desaf\u00edos asociados con la congesti\u00f3n, la contaminaci\u00f3n y la inequidad en el uso del espacio urbano exigen un cambio hacia modelos de movilidad que prioricen el transporte p\u00fablico, la movilidad activa y el urbanismo sostenible. <\/p>\n\n\n\n<p>Las estrategias implementadas, desde pol\u00edticas de restricci\u00f3n hasta la creaci\u00f3n de infraestructura adecuada, han demostrado su eficacia en ciudades de todo el mundo.<\/p>\n\n\n\n<p>Este cambio no solo beneficia al medio ambiente, sino que tambi\u00e9n mejora la calidad de vida, fomenta la equidad social y optimiza los recursos econ\u00f3micos. <\/p>\n\n\n\n<p>Sin embargo, su \u00e9xito depende de la colaboraci\u00f3n entre gobiernos, urbanistas y ciudadanos, as\u00ed como de un cambio cultural que valore la movilidad sostenible. <\/p>\n\n\n\n<p>Al adoptar estas medidas, las ciudades pueden transformarse en espacios donde la movilidad sea accesible, eficiente y respetuosa con el entorno, sentando las bases para un futuro m\u00e1s prometedor.<\/p>\n\n\n\n<p><strong>Fuente:<\/strong> <a href=\"https:\/\/www.linkedin.com\/in\/esli-michel-carvajal-carrada-6a43b5207\/\">Michel Carvajal<\/a><\/p>\n\n\n\n<p><strong>M\u00e1s informaci\u00f3n en:<\/strong> <a href=\"https:\/\/www.lacentral.com.sv\/\">La Central Seguros y Fianzas<\/a><\/p>\n","protected":false},"excerpt":{"rendered":"<p>Movilidad: La Reducci\u00f3n del Uso del Veh\u00edculo Privado La movilidad urbana enfrenta desaf\u00edos significativos en un mundo cada vez m\u00e1s urbanizado. El uso excesivo del veh\u00edculo privado ha generado problemas como la congesti\u00f3n vial, la contaminaci\u00f3n ambiental y el deterioro de la calidad de vida en las ciudades. Haz clic en la imagen: Reducir la [&hellip;]<\/p>\n","protected":false},"author":1,"featured_media":247965,"comment_status":"closed","ping_status":"open","sticky":false,"template":"","format":"standard","meta":{"_acf_changed":false,"_seopress_robots_primary_cat":"","_seopress_titles_title":"","_seopress_titles_desc":"","_seopress_robots_index":"","_et_pb_use_builder":"","_et_pb_old_content":"","_et_gb_content_width":"","footnotes":""},"categories":[46,74],"tags":[],"class_list":["post-247963","post","type-post","status-publish","format-standard","has-post-thumbnail","hentry","category-financieras","category-la-central-seguros-y-fianzas"],"acf":[],"_links":{"self":[{"href":"https:\/\/anuariolatamseguros.com\/blog\/wp-json\/wp\/v2\/posts\/247963","targetHints":{"allow":["GET"]}}],"collection":[{"href":"https:\/\/anuariolatamseguros.com\/blog\/wp-json\/wp\/v2\/posts"}],"about":[{"href":"https:\/\/anuariolatamseguros.com\/blog\/wp-json\/wp\/v2\/types\/post"}],"author":[{"embeddable":true,"href":"https:\/\/anuariolatamseguros.com\/blog\/wp-json\/wp\/v2\/users\/1"}],"replies":[{"embeddable":true,"href":"https:\/\/anuariolatamseguros.com\/blog\/wp-json\/wp\/v2\/comments?post=247963"}],"version-history":[{"count":0,"href":"https:\/\/anuariolatamseguros.com\/blog\/wp-json\/wp\/v2\/posts\/247963\/revisions"}],"wp:featuredmedia":[{"embeddable":true,"href":"https:\/\/anuariolatamseguros.com\/blog\/wp-json\/wp\/v2\/media\/247965"}],"wp:attachment":[{"href":"https:\/\/anuariolatamseguros.com\/blog\/wp-json\/wp\/v2\/media?parent=247963"}],"wp:term":[{"taxonomy":"category","embeddable":true,"href":"https:\/\/anuariolatamseguros.com\/blog\/wp-json\/wp\/v2\/categories?post=247963"},{"taxonomy":"post_tag","embeddable":true,"href":"https:\/\/anuariolatamseguros.com\/blog\/wp-json\/wp\/v2\/tags?post=247963"}],"curies":[{"name":"wp","href":"https:\/\/api.w.org\/{rel}","templated":true}]}}