{"id":248865,"date":"2024-10-04T13:37:40","date_gmt":"2024-10-04T19:37:40","guid":{"rendered":"https:\/\/anuariolatamseguros.com\/blog\/?p=5867"},"modified":"2024-10-04T13:37:40","modified_gmt":"2024-10-04T19:37:40","slug":"cifras-de-mapfre-2024","status":"publish","type":"post","link":"https:\/\/anuariolatamseguros.com\/blog\/mapfre\/cifras-de-mapfre-2024\/","title":{"rendered":"Cifras para Mapfre al concluir 2024"},"content":{"rendered":"\n<h2 class=\"wp-block-heading\">Cifras de Mapfre en Colombia <\/h2>\n\n\n\n<p>En una charla con Valora Analitik, Pablo Revuelta, vicepresidente comercial de Mapfre, comparti\u00f3 las proyecciones de la compa\u00f1\u00eda para cerrar el 2024. <strong>Destac\u00f3 que anticipan finalizar este a\u00f1o con $2,3 billones en primas de seguros. <\/strong><\/p>\n\n\n\n<p>Es importante se\u00f1alar que las primas representan el costo de los distintos seguros que ofrecen estas empresas. Durante el transcurso del a\u00f1o, Mapfre ha logrado un notable crecimiento en los sectores de educaci\u00f3n y seguros de vida. <\/p>\n\n\n\n<blockquote class=\"wp-block-quote is-layout-flow wp-block-quote-is-layout-flow\">\n<p>\u201cEstamos experimentando un crecimiento del 60 % en vida individual, m\u00e1s del 60 % en seguros educativos y un 30 % en vida colectiva, que est\u00e1 destinado a empresas y microfinancieras. Si todo sigue bien, puedo decir que hemos hecho nuestra tarea y nos ha ido razonablemente bien este a\u00f1o\u201d.<\/p>\n<\/blockquote>\n\n\n\n<p><strong>Coment\u00f3. <\/strong><\/p>\n\n\n\n<figure class=\"wp-block-image aligncenter size-large is-style-rounded\"><img decoding=\"async\" src=\"https:\/\/anuariolatamseguros.com\/blog\/wp-content\/uploads\/2024\/10\/cny1--1024x683.jpeg\" alt=\"Cifras de Mapfre en Colombia \" class=\"wp-image-5868\"\/><\/figure>\n\n\n\n<p>Asimismo, destac\u00f3 que en los ramos de autom\u00f3viles y seguros industriales, Mapfre ha visto un incremento del 12 % en cada categor\u00eda. <\/p>\n\n\n\n<blockquote class=\"wp-block-quote is-layout-flow wp-block-quote-is-layout-flow\">\n<p>\u201cSi todo sale como esperamos, cerraremos el a\u00f1o con alrededor de $2,3 billones, creciendo en nuestro mercado efectivo. (\u2026). En nuestro mercado, estimamos un crecimiento de aproximadamente el 10 %\u201d.<\/p>\n<\/blockquote>\n\n\n\n<p><strong>A\u00f1adi\u00f3. <\/strong><\/p>\n\n\n\n<p>Desaf\u00edos para el sector asegurador por la situaci\u00f3n econ\u00f3mica del pa\u00eds En la conversaci\u00f3n, el ejecutivo manifest\u00f3 que el contexto econ\u00f3mico de Colombia, marcado por la inflaci\u00f3n, tasas de inter\u00e9s, finanzas p\u00fablicas y el clima pol\u00edtico, representa desaf\u00edos significativos para la industria de seguros. <\/p>\n\n\n\n<blockquote class=\"wp-block-quote is-layout-flow wp-block-quote-is-layout-flow\">\n<p>\u201cEs un reto, pero las reglas del juego son similares para todos, as\u00ed que hay que saber c\u00f3mo jugar con esas reglas\u201d.<\/p>\n\n\n\n<p><\/p>\n<\/blockquote>\n\n\n\n<p><strong>Expres\u00f3<\/strong>. <\/p>\n\n\n\n<blockquote class=\"wp-block-quote is-layout-flow wp-block-quote-is-layout-flow\">\n<p>Sin embargo, a pesar de este panorama econ\u00f3mico, tambi\u00e9n ve numerosas oportunidades para invertir. \u201cS\u00ed lo creemos, ya que estamos observando muchas oportunidades en Colombia en diversos sectores. Lo crucial es jugar bien las cartas y comprender realmente d\u00f3nde deseas posicionarte\u201d.<\/p>\n<\/blockquote>\n\n\n\n<p><strong>Mencion\u00f3. <\/strong><\/p>\n\n\n\n<h2 class=\"wp-block-heading\">Expectativas <\/h2>\n\n\n\n<p>En cuanto a las expectativas, Revuelta indic\u00f3 que conf\u00eda en que sus \u00e1reas de especialidad contin\u00faen creciendo.<\/p>\n\n\n\n<p><strong>Fuente:<\/strong>&nbsp;Finanzas Yahoo<\/p>\n\n\n\n<p><strong>Enlace:<\/strong>&nbsp;<a target=\"_blank\" href=\"https:\/\/es-us.finanzas.yahoo.com\/noticias\/mapfre-prev%C3%A9-terminar-2024-2-162000767.html\" rel=\"noreferrer noopener\">https:\/\/es-us.finanzas.yahoo.com\/noticias\/mapfre-prev%C3%A9-terminar-2024-2-162000767.html<\/a><\/p>\n","protected":false},"excerpt":{"rendered":"<p>Cifras de Mapfre en Colombia En una charla con Valora Analitik, Pablo Revuelta, vicepresidente comercial de Mapfre, comparti\u00f3 las proyecciones de la compa\u00f1\u00eda para cerrar el 2024. Destac\u00f3 que anticipan finalizar este a\u00f1o con $2,3 billones en primas de seguros. Es importante se\u00f1alar que las primas representan el costo de los distintos seguros que ofrecen [&hellip;]<\/p>\n","protected":false},"author":1,"featured_media":0,"comment_status":"closed","ping_status":"open","sticky":false,"template":"","format":"standard","meta":{"_acf_changed":false,"_seopress_robots_primary_cat":"","_seopress_titles_title":"","_seopress_titles_desc":"","_seopress_robots_index":"","_et_pb_use_builder":"","_et_pb_old_content":"","_et_gb_content_width":"","footnotes":""},"categories":[93,84],"tags":[],"class_list":["post-248865","post","type-post","status-publish","format-standard","hentry","category-colombia","category-mapfre"],"acf":[],"_links":{"self":[{"href":"https:\/\/anuariolatamseguros.com\/blog\/wp-json\/wp\/v2\/posts\/248865","targetHints":{"allow":["GET"]}}],"collection":[{"href":"https:\/\/anuariolatamseguros.com\/blog\/wp-json\/wp\/v2\/posts"}],"about":[{"href":"https:\/\/anuariolatamseguros.com\/blog\/wp-json\/wp\/v2\/types\/post"}],"author":[{"embeddable":true,"href":"https:\/\/anuariolatamseguros.com\/blog\/wp-json\/wp\/v2\/users\/1"}],"replies":[{"embeddable":true,"href":"https:\/\/anuariolatamseguros.com\/blog\/wp-json\/wp\/v2\/comments?post=248865"}],"version-history":[{"count":0,"href":"https:\/\/anuariolatamseguros.com\/blog\/wp-json\/wp\/v2\/posts\/248865\/revisions"}],"wp:attachment":[{"href":"https:\/\/anuariolatamseguros.com\/blog\/wp-json\/wp\/v2\/media?parent=248865"}],"wp:term":[{"taxonomy":"category","embeddable":true,"href":"https:\/\/anuariolatamseguros.com\/blog\/wp-json\/wp\/v2\/categories?post=248865"},{"taxonomy":"post_tag","embeddable":true,"href":"https:\/\/anuariolatamseguros.com\/blog\/wp-json\/wp\/v2\/tags?post=248865"}],"curies":[{"name":"wp","href":"https:\/\/api.w.org\/{rel}","templated":true}]}}