{"id":248884,"date":"2024-10-02T11:19:18","date_gmt":"2024-10-02T17:19:18","guid":{"rendered":"https:\/\/anuariolatamseguros.com\/blog\/?p=5787"},"modified":"2024-10-02T11:19:18","modified_gmt":"2024-10-02T17:19:18","slug":"la-generacion-z-y-la-crisis-laboral","status":"publish","type":"post","link":"https:\/\/anuariolatamseguros.com\/blog\/mexico\/la-generacion-z-y-la-crisis-laboral\/","title":{"rendered":"La Generaci\u00f3n Z y la crisis laboral"},"content":{"rendered":"\n<h2 class=\"wp-block-heading\">La Generaci\u00f3n Z, en el centro de la tormenta laboral<\/h2>\n\n\n\n<p>Es evidente que los j\u00f3venes no son los \u00fanicos responsables de su situaci\u00f3n en el \u00e1mbito laboral. Atribuirles toda la culpa reduce un problema que es mucho m\u00e1s complejo de lo que parece. La llegada de la generaci\u00f3n Z al mercado de trabajo ha originado una serie de despidos que ha sorprendido tanto a empresas como a analistas. <\/p>\n\n\n\n<h2 class=\"wp-block-heading\">Generaci\u00f3n Z \u00bfC\u00f3mo identificarlos?<\/h2>\n\n\n\n<p>Los j\u00f3venes nacidos despu\u00e9s de 1997 est\u00e1n siendo cesados en cantidades preocupantes, a menudo semanas despu\u00e9s de ser contratados. <\/p>\n\n\n\n<figure class=\"wp-block-image aligncenter size-large is-style-rounded\"><img decoding=\"async\" src=\"https:\/\/anuariolatamseguros.com\/blog\/wp-content\/uploads\/2024\/10\/z-1-1024x683.webp\" alt=\"La Generaci\u00f3n Z, en el centro de la tormenta laboral\" class=\"wp-image-5788\"\/><\/figure>\n\n\n\n<h3 class=\"wp-block-heading\">\u00bfRealmente son ellos el problema, o estamos viendo las repercusiones de un sistema que no los prepar\u00f3 de manera adecuada? <\/h3>\n\n\n\n<p>Un estudio reciente de Intelligent.com, que encuest\u00f3 a casi mil l\u00edderes empresariales en EE. UU., muestra cifras alarmantes: seis de cada diez empleadores han terminado la relaci\u00f3n laboral con graduados universitarios que incorporaron a principios de a\u00f1o. Adem\u00e1s, uno de cada siete piensa en no volver a contratar a reci\u00e9n graduados el pr\u00f3ximo a\u00f1o. <\/p>\n\n\n\n<p>Las razones citadas incluyen deficiencias en las habilidades comunicativas, falta de profesionalismo y una aparente falta de motivaci\u00f3n. Es crucial reconocer que los j\u00f3venes no son los \u00fanicos culpables de su situaci\u00f3n laboral. Culparlos exclusivamente simplifica un asunto mucho m\u00e1s complicado. <\/p>\n\n\n\n<p>La educaci\u00f3n superior, que deber\u00eda prepararlos para el mundo laboral, parece estar incumpliendo su objetivo. Instituciones que deber\u00edan ser f\u00e1bricas de profesionales competentes est\u00e1n, en cambio, otorgando t\u00edtulos sin garantizar que los estudiantes tengan la formaci\u00f3n necesaria para enfrentar desaf\u00edos reales. La infantilizaci\u00f3n en las universidades es un hecho. <\/p>\n\n\n\n<figure class=\"wp-block-image aligncenter size-large is-style-rounded\"><img decoding=\"async\" src=\"https:\/\/anuariolatamseguros.com\/blog\/wp-content\/uploads\/2024\/10\/book1--1024x683.jpeg\" alt=\"\u00bfRealmente son ellos el problema, o estamos viendo las repercusiones de un sistema que no los prepar\u00f3 de manera adecuada? vvvvvvvvvvv\" class=\"wp-image-5789\"\/><\/figure>\n\n\n\n<h2 class=\"wp-block-heading\">Puntos de vista<\/h2>\n\n\n\n<p>La introducci\u00f3n de advertencias sobre contenido sensible, espacios seguros y un aumento en las calificaciones crea una burbuja que se aleja de la realidad laboral. Un ejemplo representativo es una universidad que decor\u00f3 sus pasillos con personajes infantiles, como los Ositos Cari\u00f1ositos, recordando a estudiantes adultos h\u00e1bitos b\u00e1sicos de higiene y autocuidado. Los empleadores se\u00f1alan que muchos graduados no tienen experiencia pr\u00e1ctica y carecen de las llamadas \u2018habilidades blandas\u2019. Estos j\u00f3venes llegan tarde a las reuniones, no se visten de manera adecuada y no tienen conocimiento de las normas b\u00e1sicas de comunicaci\u00f3n en el entorno laboral. <\/p>\n\n\n\n<p>M\u00e1s de la mitad de los gerentes de contrataci\u00f3n opinan que los reci\u00e9n graduados no est\u00e1n listos para el mundo laboral, y un 20 por ciento sostiene que no pueden manejar la carga de trabajo. Seg\u00fan Bryan Driscoll, consultor en recursos humanos, el sistema educativo actual prioriza la teor\u00eda sobre la pr\u00e1ctica. <\/p>\n\n\n\n<blockquote class=\"wp-block-quote is-layout-flow wp-block-quote-is-layout-flow\">\n<p>\u201cAprender sobre mitolog\u00eda griega puede resultar interesante, pero no prepara a un joven para comunicarse efectivamente en una reuni\u00f3n corporativa o para demostrar profesionalismo\u201d. <\/p>\n<\/blockquote>\n\n\n\n<p>La desconexi\u00f3n entre lo que se ense\u00f1a y lo que demanda el mercado laboral es alarmante. La soluci\u00f3n no radica en culpar \u00fanicamente a los j\u00f3venes ni en estigmatizarlos. <\/p>\n\n\n\n<p>Es imprescindible un enfoque integral que comience por los padres, que son en gran medida responsables, e involucre a las instituciones educativas, a las empresas y a la sociedad en su conjunto. Las universidades deben adaptarse y proporcionar una formaci\u00f3n m\u00e1s acorde a las necesidades reales del mercado laboral. Esto est\u00e1 llevando a las empresas a invertir en programas de mentor\u00eda y capacitaci\u00f3n, para ayudar a los nuevos empleados a integrarse en el entorno laboral. Huy Nguyen, asesor en educaci\u00f3n y desarrollo profesional de Intelligent.com, sugiere a los graduados que observen c\u00f3mo interact\u00faan sus compa\u00f1eros de trabajo para entender mejor la cultura de la empresa a la que ingresan. <\/p>\n\n\n\n<h2 class=\"wp-block-heading\">Desempleo en la generaci\u00f3n Z<\/h2>\n\n\n\n<p>La elevada tasa de despidos entre los j\u00f3venes de la generaci\u00f3n Z es un indicativo de problemas m\u00e1s profundos en nuestro sistema familiar, educativo y cultural. En lugar de se\u00f1alar a quienes est\u00e1n en la mira, es momento de reflexionar y actuar. Debemos cuestionar si estamos proporcionando a las nuevas generaciones las herramientas necesarias para triunfar o si, por el contrario, estamos creando obst\u00e1culos desde el hogar. Invertir en los padres, ofrecer formaci\u00f3n pr\u00e1ctica a los j\u00f3venes, fomentar sus habilidades blandas y promover una cultura de aprendizaje continuo puede ser clave para cerrar esta brecha generacional. <\/p>\n\n\n\n<p>Despu\u00e9s de todo, el \u00e9xito de estos j\u00f3venes profesionales es esencial no solo para ellos, sino tambi\u00e9n para el futuro de nuestras empresas y nuestra sociedad.<\/p>\n\n\n\n<figure class=\"wp-block-image aligncenter size-large is-style-rounded\"><img decoding=\"async\" src=\"https:\/\/anuariolatamseguros.com\/blog\/wp-content\/uploads\/2024\/10\/desem-1-1024x683.webp\" alt=\"Desempleo en la generaci\u00f3n Z\" class=\"wp-image-5790\"\/><\/figure>\n\n\n\n<p>Fuente: El Financiero <\/p>\n\n\n\n<p>Enlace: <a href=\"https:\/\/www.elfinanciero.com.mx\/opinion\/javier-murillo\/2024\/09\/30\/generacion-z-en-el-ojo-del-huracan-laboral\/\">Generaci\u00f3n Z, en el ojo del hurac\u00e1n laboral \u2013 El Financiero<\/a><\/p>\n","protected":false},"excerpt":{"rendered":"<p>La Generaci\u00f3n Z, en el centro de la tormenta laboral Es evidente que los j\u00f3venes no son los \u00fanicos responsables de su situaci\u00f3n en el \u00e1mbito laboral. Atribuirles toda la culpa reduce un problema que es mucho m\u00e1s complejo de lo que parece. La llegada de la generaci\u00f3n Z al mercado de trabajo ha originado [&hellip;]<\/p>\n","protected":false},"author":1,"featured_media":0,"comment_status":"closed","ping_status":"open","sticky":false,"template":"","format":"standard","meta":{"_acf_changed":false,"_seopress_robots_primary_cat":"","_seopress_titles_title":"","_seopress_titles_desc":"","_seopress_robots_index":"","_et_pb_use_builder":"","_et_pb_old_content":"","_et_gb_content_width":"","footnotes":""},"categories":[46,43],"tags":[],"class_list":["post-248884","post","type-post","status-publish","format-standard","hentry","category-financieras","category-mexico"],"acf":[],"_links":{"self":[{"href":"https:\/\/anuariolatamseguros.com\/blog\/wp-json\/wp\/v2\/posts\/248884","targetHints":{"allow":["GET"]}}],"collection":[{"href":"https:\/\/anuariolatamseguros.com\/blog\/wp-json\/wp\/v2\/posts"}],"about":[{"href":"https:\/\/anuariolatamseguros.com\/blog\/wp-json\/wp\/v2\/types\/post"}],"author":[{"embeddable":true,"href":"https:\/\/anuariolatamseguros.com\/blog\/wp-json\/wp\/v2\/users\/1"}],"replies":[{"embeddable":true,"href":"https:\/\/anuariolatamseguros.com\/blog\/wp-json\/wp\/v2\/comments?post=248884"}],"version-history":[{"count":0,"href":"https:\/\/anuariolatamseguros.com\/blog\/wp-json\/wp\/v2\/posts\/248884\/revisions"}],"wp:attachment":[{"href":"https:\/\/anuariolatamseguros.com\/blog\/wp-json\/wp\/v2\/media?parent=248884"}],"wp:term":[{"taxonomy":"category","embeddable":true,"href":"https:\/\/anuariolatamseguros.com\/blog\/wp-json\/wp\/v2\/categories?post=248884"},{"taxonomy":"post_tag","embeddable":true,"href":"https:\/\/anuariolatamseguros.com\/blog\/wp-json\/wp\/v2\/tags?post=248884"}],"curies":[{"name":"wp","href":"https:\/\/api.w.org\/{rel}","templated":true}]}}