{"id":248889,"date":"2024-09-27T18:08:13","date_gmt":"2024-09-28T00:08:13","guid":{"rendered":"https:\/\/anuariolatamseguros.com\/blog\/?p=5741"},"modified":"2024-09-27T18:08:13","modified_gmt":"2024-09-28T00:08:13","slug":"everest-compania-de-seguros-generales","status":"publish","type":"post","link":"https:\/\/anuariolatamseguros.com\/blog\/colombia\/everest-compania-de-seguros-generales\/","title":{"rendered":"Everest Compa\u00f1\u00eda de Seguros Generales Colombia S.A., llega a Colombia"},"content":{"rendered":"\n<h2 class=\"wp-block-heading\">Everest Compa\u00f1\u00eda de Seguros Generales Colombia S.A., llega a Colombia<\/h2>\n\n\n\n<p>El lanzamiento de <a href=\"http:\/\/El lanzamiento de Everest en Colombia marca un avance en su crecimiento estrat\u00e9gico en la regi\u00f3n latinoamericana.\">Everest en Colombia <\/a>marca un avance en su crecimiento estrat\u00e9gico en la regi\u00f3n latinoamericana. <\/p>\n\n\n\n<p>Everest ha anunciado el inicio de operaciones de su subsidiaria local, Everest Compa\u00f1\u00eda de Seguros Generales Colombia S.A., en Bogot\u00e1. <\/p>\n\n\n\n<p>Esto se realiza tras haber obtenido todas las autorizaciones necesarias por parte de la Superintendencia Financiera de Colombia, conforme a la normativa vigente. <\/p>\n\n\n\n<p>En este contexto, Mauricio Ocampo G\u00f3mez asumir\u00e1 el rol de country manager y liderar\u00e1 el equipo que comenzar\u00e1 las operaciones en la capital. <strong>Con este paso, el debut de Everest en Colombia representa un hito en su expansi\u00f3n estrat\u00e9gica en Latinoam\u00e9rica, que sigue a su reciente apertura en M\u00e9xico.<\/strong><\/p>\n\n\n\n<figure class=\"wp-block-image aligncenter size-full is-style-rounded\"><img alt=\"\" alt=\"\" decoding=\"async\" src=\"https:\/\/anuariolatamseguros.com\/blog\/wp-content\/uploads\/2024\/09\/cha-cha1-.jpeg\" alt=\"\" class=\"wp-image-5742\"\/><\/figure>\n\n\n\n<blockquote class=\"wp-block-quote is-layout-flow wp-block-quote-is-layout-flow\">\n<p>\u201cComenzaremos nuestras operaciones en Colombia con una oferta extensa e innovadora de productos, y un equipo de suscripci\u00f3n de primer nivel que comprende profundamente las necesidades del mercado local, capacitados para brindar un servicio de alta calidad a nuestros clientes y corredores\u201d.<\/p>\n<\/blockquote>\n\n\n\n<p><strong>Expres\u00f3 Ocampo. <\/strong><\/p>\n\n\n\n<h2 class=\"wp-block-heading\">\u00bfQu\u00e9 servicios proporcionar\u00e1 Everest en Bogot\u00e1? <\/h2>\n\n\n\n<p>La sede de Everest en Bogot\u00e1 ofrecer\u00e1 una variedad de productos de seguros y soluciones en gesti\u00f3n de riesgos, dise\u00f1ados para diversas industrias, incluidos seguros de propiedad, responsabilidad civil y l\u00edneas financieras. <\/p>\n\n\n\n<blockquote class=\"wp-block-quote is-layout-flow wp-block-quote-is-layout-flow\">\n<p>\u201cColombia representa una oportunidad atractiva para el crecimiento de Everest Insurance International. Estamos estableciendo un nuevo compromiso en el mercado latinoamericano para enfrentar los desaf\u00edos y riesgos emergentes\u201d. <\/p>\n<\/blockquote>\n\n\n\n<p><strong>Asegur\u00f3 Pablo Korze, vicepresidente senior y presidente regional de Am\u00e9rica Latina. <\/strong><\/p>\n\n\n\n<p>Asimismo, Adam Clifford, co-l\u00edder de Everest Insurance International, indic\u00f3 que \u201ccon m\u00e1s de 50 a\u00f1os de fortaleza financiera, nuestra vasta experiencia, respuesta \u00e1gil al mercado y enfoque en el cliente nos permitir\u00e1 ofrecer nuestros servicios de primer nivel y capacidades adicionales al mercado colombiano\u201d. Y concluy\u00f3: <\/p>\n\n\n\n<blockquote class=\"wp-block-quote is-layout-flow wp-block-quote-is-layout-flow\">\n<p>\u201cA medida que seguimos expandiendo nuestra presencia global, espero colaborar estrechamente con Mauricio y su equipo de suscriptores altamente calificados y din\u00e1micos para satisfacer las necesidades espec\u00edficas de corredores y clientes\u201d.<\/p>\n<\/blockquote>\n\n\n\n<figure class=\"wp-block-image size-full is-style-rounded\"><img decoding=\"async\" src=\"https:\/\/anuariolatamseguros.com\/blog\/wp-content\/uploads\/2024\/09\/equipo-12-.jpeg\" alt=\"\u00bfQu\u00e9 servicios proporcionar\u00e1 Everest en Bogot\u00e1? \" class=\"wp-image-5743\"\/><\/figure>\n\n\n\n<p><strong>Fuente:<\/strong>&nbsp;Valora Analitik<\/p>\n\n\n\n<p><strong>Enlace:<\/strong>&nbsp;<a target=\"_blank\" href=\"https:\/\/www.valoraanalitik.com\/everest-compania-de-seguros-iniciara-operaciones-en-colombia-estos-son-los-detalles\/\" rel=\"noreferrer noopener\">https:\/\/www.valoraanalitik.com\/everest-compania-de-seguros-iniciara-operaciones-en-colombia-estos-son-los-detalles\/<\/a><\/p>\n","protected":false},"excerpt":{"rendered":"<p>Everest Compa\u00f1\u00eda de Seguros Generales Colombia S.A., llega a Colombia El lanzamiento de Everest en Colombia marca un avance en su crecimiento estrat\u00e9gico en la regi\u00f3n latinoamericana. Everest ha anunciado el inicio de operaciones de su subsidiaria local, Everest Compa\u00f1\u00eda de Seguros Generales Colombia S.A., en Bogot\u00e1. Esto se realiza tras haber obtenido todas las [&hellip;]<\/p>\n","protected":false},"author":1,"featured_media":0,"comment_status":"closed","ping_status":"open","sticky":false,"template":"","format":"standard","meta":{"_acf_changed":false,"_seopress_robots_primary_cat":"","_seopress_titles_title":"","_seopress_titles_desc":"","_seopress_robots_index":"","_et_pb_use_builder":"","_et_pb_old_content":"","_et_gb_content_width":"","footnotes":""},"categories":[93],"tags":[],"class_list":["post-248889","post","type-post","status-publish","format-standard","hentry","category-colombia"],"acf":[],"_links":{"self":[{"href":"https:\/\/anuariolatamseguros.com\/blog\/wp-json\/wp\/v2\/posts\/248889","targetHints":{"allow":["GET"]}}],"collection":[{"href":"https:\/\/anuariolatamseguros.com\/blog\/wp-json\/wp\/v2\/posts"}],"about":[{"href":"https:\/\/anuariolatamseguros.com\/blog\/wp-json\/wp\/v2\/types\/post"}],"author":[{"embeddable":true,"href":"https:\/\/anuariolatamseguros.com\/blog\/wp-json\/wp\/v2\/users\/1"}],"replies":[{"embeddable":true,"href":"https:\/\/anuariolatamseguros.com\/blog\/wp-json\/wp\/v2\/comments?post=248889"}],"version-history":[{"count":0,"href":"https:\/\/anuariolatamseguros.com\/blog\/wp-json\/wp\/v2\/posts\/248889\/revisions"}],"wp:attachment":[{"href":"https:\/\/anuariolatamseguros.com\/blog\/wp-json\/wp\/v2\/media?parent=248889"}],"wp:term":[{"taxonomy":"category","embeddable":true,"href":"https:\/\/anuariolatamseguros.com\/blog\/wp-json\/wp\/v2\/categories?post=248889"},{"taxonomy":"post_tag","embeddable":true,"href":"https:\/\/anuariolatamseguros.com\/blog\/wp-json\/wp\/v2\/tags?post=248889"}],"curies":[{"name":"wp","href":"https:\/\/api.w.org\/{rel}","templated":true}]}}