{"id":249529,"date":"2024-07-11T21:57:04","date_gmt":"2024-07-12T03:57:04","guid":{"rendered":"https:\/\/anuariolatamseguros.com\/blog\/?p=4544"},"modified":"2024-07-11T21:57:04","modified_gmt":"2024-07-12T03:57:04","slug":"estructura-y-direccion-restablecida-de-chubb-en-america-latina","status":"publish","type":"post","link":"https:\/\/anuariolatamseguros.com\/blog\/ejecutivos\/estructura-y-direccion-restablecida-de-chubb-en-america-latina\/","title":{"rendered":"Estructura y direcci\u00f3n restablecida de Chubb en Am\u00e9rica Latina"},"content":{"rendered":"\n<h2 class=\"wp-block-heading has-text-align-center\">La regi\u00f3n se divide ahora en Am\u00e9rica Latina Norte, Am\u00e9rica Latina Sur y Brasil Chubb Limited (NYSE: CB) ha comunicado hoy modificaciones en la estructura y direcci\u00f3n de su operaci\u00f3n en Am\u00e9rica Latina. <\/h2>\n\n\n\n<figure class=\"wp-block-image aligncenter size-full is-style-rounded\"><img alt=\"\" alt=\"\" decoding=\"async\" src=\"https:\/\/anuariolatamseguros.com\/blog\/wp-content\/uploads\/2024\/07\/pexels-photo-7688460.jpeg\" alt=\"\" class=\"wp-image-4547\"\/><\/figure>\n\n\n\n<p>Con el prop\u00f3sito de mejorar la atenci\u00f3n a los clientes y socios de distribuci\u00f3n, y aprovechar al m\u00e1ximo las futuras oportunidades de crecimiento en toda Am\u00e9rica Latina, la empresa ha reestructurado la regi\u00f3n en tres subregiones: <\/p>\n\n\n\n<ul class=\"wp-block-list\">\n<li>Am\u00e9rica Latina Norte,<\/li>\n\n\n\n<li>Am\u00e9rica Latina Sur <\/li>\n\n\n\n<li>Brasil<\/li>\n<\/ul>\n\n\n\n<figure class=\"wp-block-image aligncenter size-large is-style-rounded\"><img alt=\"\" alt=\"\" decoding=\"async\" src=\"https:\/\/anuariolatamseguros.com\/blog\/wp-content\/uploads\/2024\/07\/pexels-photo-8828636-1024x683.jpeg\" alt=\"\" class=\"wp-image-4545\"\/><\/figure>\n\n\n\n<h2 class=\"wp-block-heading has-text-align-center\">Nueva asignaci\u00f3n de l\u00edderes en cada \u00e1rea <\/h2>\n\n\n\n<ul class=\"wp-block-list\">\n<li>Diego Sosa, actual Presidente de<strong><em> <a href=\"https:\/\/www.chubb.com\/mx-es\/\" data-type=\"link\" data-id=\"https:\/\/www.chubb.com\/mx-es\/\">Chubb M\u00e9xico<\/a>,<\/em><\/strong> ampl\u00eda sus responsabilidades al asumir Am\u00e9rica Latina Norte. Adem\u00e1s de sus funciones actuales, Sosa estar\u00e1 a cargo de la subregi\u00f3n que incluye Am\u00e9rica Central, Panam\u00e1 y Puerto Rico. Judith Hern\u00e1ndez, Presidenta de estas geograf\u00edas, pasar\u00e1 a reportar a Sosa.<\/li>\n\n\n\n<li>Mario Romanelli, actual Presidente de Chubb Chile y l\u00edder de la regi\u00f3n andina, ampl\u00eda sus responsabilidades al asumir Am\u00e9rica Latina Sur. Adem\u00e1s de sus funciones actuales, Mario liderar\u00e1 la nueva subregi\u00f3n que abarca Chile, Argentina, Ecuador, Colombia y Per\u00fa. Edwin Astudillo (Presidente, Chubb Ecuador) y Fabio Cabral (Presidente, Chubb Colombia) reportar\u00e1n a Romanelli.<\/li>\n\n\n\n<li>Leandro Martinez, Presidente de Chubb Brasil, mantendr\u00e1 sus responsabilidades actuales en este mercado clave. Sosa, Romanelli y Martinez seguir\u00e1n reportando a Federico Spagnoli, Presidente Regional de Chubb Am\u00e9rica Latina y Presidente de L\u00edneas de Consumo de la Divisi\u00f3n Internacional de Chubb Seguros. <\/li>\n<\/ul>\n\n\n\n<blockquote class=\"wp-block-quote has-text-align-center is-layout-flow wp-block-quote-is-layout-flow\">\n<p>\u00abNuestra nueva estructura, con sus tres subregiones, reconoce el crecimiento y \u00e9xito que hemos experimentado en la regi\u00f3n, y nos permitir\u00e1 ofrecer las capacidades de Chubb con un enfoque y calidad superiores en el servicio para nuestros clientes y socios comerciales\u00bb<\/p>\n<cite>coment\u00f3 Spagnoli.<\/cite><\/blockquote>\n\n\n\n<blockquote class=\"wp-block-quote has-text-align-center is-layout-flow wp-block-quote-is-layout-flow\">\n<p> \u00abDiego, Mario y Leandro son l\u00edderes destacados en Chubb. Cada uno dirigir\u00e1 un territorio de gran importancia y lleno de oportunidades para la empresa. Conf\u00edo plenamente en su \u00e9xito futuro\u00bb. <\/p>\n<\/blockquote>\n\n\n\n<p>Por otro lado, Juan Luis Ortega, actual Vicepresidente Ejecutivo del Grupo Chubb y Presidente de Seguros Generales en el Extranjero, ha sido designado Presidente de Seguros en Norteam\u00e9rica, sucediendo a John Lupica. Anteriormente, Ortega ocup\u00f3 los cargos de Presidente Regional de Am\u00e9rica Latina de 2016 a 2019 y Presidente Regional de Asia Pac\u00edfico de 2013 a 2016.<\/p>\n\n\n\n<p>Ortega se uni\u00f3 a Chubb (ACE) en 1999 y ascendi\u00f3 a trav\u00e9s de varios puestos de gesti\u00f3n en A&amp;H y seguros de cr\u00e9dito en Miami, Puerto Rico y M\u00e9xico, antes de ser nombrado Country President de Chile en 2005, donde estuvo a cargo de los negocios de P&amp;C, A&amp;H y seguros de vida de la compa\u00f1\u00eda en ese pa\u00eds. <\/p>\n\n\n\n<p>Ha sido Vicepresidente Senior y Director Regional de A&amp;H para las regiones de Asia Pac\u00edfico y Latinoam\u00e9rica de la compa\u00f1\u00eda.<\/p>\n\n\n\n<p><\/p>\n\n\n\n<figure class=\"wp-block-image size-large is-style-rounded\"><img alt=\"\" alt=\"\" decoding=\"async\" src=\"https:\/\/anuariolatamseguros.com\/blog\/wp-content\/uploads\/2024\/07\/pexels-photo-8828632-1024x683.jpeg\" alt=\"\" class=\"wp-image-4546\"\/><\/figure>\n\n\n\n<p>Ortega es licenciado en Finanzas y Administraci\u00f3n de Empresas por la Universidad Diego Portales de Chile. Scott Meyer cuenta con casi 35 a\u00f1os de experiencia en el sector de los seguros. <\/p>\n\n\n\n<p>Fue nombrado Vicepresidente Senior del Grupo Chubb y Presidente de la Divisi\u00f3n de Westchester, el negocio de seguros mayoristas y de l\u00edneas excedentes de la compa\u00f1\u00eda, en 2020.<\/p>\n\n\n\n<p><strong>Fuente:<\/strong>&nbsp;Linkedin<\/p>\n\n\n\n<p><strong>Enlace:<\/strong>&nbsp;<a target=\"_blank\" href=\"https:\/\/www.linkedin.com\/company\/chubb\/\" rel=\"noreferrer noopener\">https:\/\/www.linkedin.com\/company\/chubb\/<\/a><\/p>\n","protected":false},"excerpt":{"rendered":"<p>La regi\u00f3n se divide ahora en Am\u00e9rica Latina Norte, Am\u00e9rica Latina Sur y Brasil Chubb Limited (NYSE: CB) ha comunicado hoy modificaciones en la estructura y direcci\u00f3n de su operaci\u00f3n en Am\u00e9rica Latina. Con el prop\u00f3sito de mejorar la atenci\u00f3n a los clientes y socios de distribuci\u00f3n, y aprovechar al m\u00e1ximo las futuras oportunidades de [&hellip;]<\/p>\n","protected":false},"author":1,"featured_media":249530,"comment_status":"closed","ping_status":"open","sticky":false,"template":"","format":"standard","meta":{"_acf_changed":false,"_seopress_robots_primary_cat":"","_seopress_titles_title":"","_seopress_titles_desc":"","_seopress_robots_index":"","_et_pb_use_builder":"","_et_pb_old_content":"","_et_gb_content_width":"","footnotes":""},"categories":[151,38,46,39],"tags":[],"class_list":["post-249529","post","type-post","status-publish","format-standard","has-post-thumbnail","hentry","category-chubb","category-ejecutivos","category-financieras","category-latam"],"acf":[],"_links":{"self":[{"href":"https:\/\/anuariolatamseguros.com\/blog\/wp-json\/wp\/v2\/posts\/249529","targetHints":{"allow":["GET"]}}],"collection":[{"href":"https:\/\/anuariolatamseguros.com\/blog\/wp-json\/wp\/v2\/posts"}],"about":[{"href":"https:\/\/anuariolatamseguros.com\/blog\/wp-json\/wp\/v2\/types\/post"}],"author":[{"embeddable":true,"href":"https:\/\/anuariolatamseguros.com\/blog\/wp-json\/wp\/v2\/users\/1"}],"replies":[{"embeddable":true,"href":"https:\/\/anuariolatamseguros.com\/blog\/wp-json\/wp\/v2\/comments?post=249529"}],"version-history":[{"count":0,"href":"https:\/\/anuariolatamseguros.com\/blog\/wp-json\/wp\/v2\/posts\/249529\/revisions"}],"wp:featuredmedia":[{"embeddable":true,"href":"https:\/\/anuariolatamseguros.com\/blog\/wp-json\/wp\/v2\/media\/249530"}],"wp:attachment":[{"href":"https:\/\/anuariolatamseguros.com\/blog\/wp-json\/wp\/v2\/media?parent=249529"}],"wp:term":[{"taxonomy":"category","embeddable":true,"href":"https:\/\/anuariolatamseguros.com\/blog\/wp-json\/wp\/v2\/categories?post=249529"},{"taxonomy":"post_tag","embeddable":true,"href":"https:\/\/anuariolatamseguros.com\/blog\/wp-json\/wp\/v2\/tags?post=249529"}],"curies":[{"name":"wp","href":"https:\/\/api.w.org\/{rel}","templated":true}]}}