{"id":249585,"date":"2024-07-02T19:38:10","date_gmt":"2024-07-03T01:38:10","guid":{"rendered":"https:\/\/anuariolatamseguros.com\/blog\/?p=4434"},"modified":"2024-07-02T19:38:10","modified_gmt":"2024-07-03T01:38:10","slug":"el-nuevo-ceo-de-aon-es-franco-di-lucca","status":"publish","type":"post","link":"https:\/\/anuariolatamseguros.com\/blog\/latam\/el-nuevo-ceo-de-aon-es-franco-di-lucca\/","title":{"rendered":"El nuevo CEO de AON es Franco Di Lucca"},"content":{"rendered":"\n<p>La reconocida firma global de servicios profesionales AON ha nombrado a Franco Di Lucca como el flamante CEO para M\u00e9xico, Caribe y Centroam\u00e9rica. <\/p>\n\n\n\n<p>Este cambio se produce debido a la jubilaci\u00f3n del actual CEO de la regi\u00f3n, Juan Segura, tras una destacada carrera de m\u00e1s de 42 a\u00f1os en el sector de seguros en M\u00e9xico, de los cuales los \u00faltimos 11 estuvo al frente de la compa\u00f1\u00eda. <\/p>\n\n\n\n<p>En un comunicado oficial, AON anunci\u00f3 que a partir del 1 de julio, Di Lucca, quien actualmente ocupa el cargo de CEO en Cono Sur, tomar\u00e1 las riendas de la regi\u00f3n que incluye a M\u00e9xico, trabajando en estrecha colaboraci\u00f3n con Juan, quien continuar\u00e1 aportando como presidente del Consejo de Administraci\u00f3n hasta finales de a\u00f1o. <\/p>\n\n\n\n<figure class=\"wp-block-image aligncenter size-large\"><img alt=\"\" alt=\"\" decoding=\"async\" src=\"https:\/\/anuariolatamseguros.com\/blog\/wp-content\/uploads\/2024\/07\/img_5631-2-ok-959x1024.jpg\" alt=\"\" class=\"wp-image-4435\"\/><\/figure>\n\n\n\n<p>La empresa destac\u00f3 la contribuci\u00f3n fundamental de Juan Segura al crecimiento y la rentabilidad de la organizaci\u00f3n. Por otro lado, Franco Di Lucca, quien se unir\u00e1 al equipo en M\u00e9xico para liderar la subregi\u00f3n de M\u00e9xico, Caribe y Centroam\u00e9rica a partir<strong><em> del 1 de julio<\/em><\/strong>, se uni\u00f3 a Aon en 2007 y ha ocupado diversas posiciones ejecutivas y directivas en el \u00e1mbito comercial. En 2021, asumi\u00f3 el control de la compa\u00f1\u00eda en la subregi\u00f3n de Cono Sur. <\/p>\n\n\n\n<p>Durante su gesti\u00f3n en Cono Sur, ha supervisado importantes transacciones de fusiones y adquisiciones, as\u00ed como la reestructuraci\u00f3n de operaciones en Chile y Uruguay para brindar asesoramiento estrat\u00e9gico en riesgos y recursos humanos. <\/p>\n\n\n\n<p><strong>A partir del 1 de julio de 2024<\/strong>, <a href=\"https:\/\/www.aon.com\/en\/about\">AON<\/a> fusionar\u00e1 las subregiones de Andina y Cono Sur en una \u00fanica regi\u00f3n denominada Hispanic South America (HSA), que incluir\u00e1 los territorios de Argentina, Chile, Colombia, Ecuador, Per\u00fa y Uruguay, donde la empresa tiene operaciones propias, as\u00ed como Bolivia, Paraguay y Venezuela, donde opera a trav\u00e9s de representantes. Esta regi\u00f3n estar\u00e1 bajo la direcci\u00f3n de Mauricio Acosta, actual CEO de la subregi\u00f3n Andina.<\/p>\n\n\n\n<p><strong>Fuente:<\/strong> El Diario <\/p>\n\n\n\n<p><strong>Enlace:<\/strong> <a href=\"https:\/\/diario.mx\/economia\/2024\/jun\/20\/designan-a-franco-di-lucca-como-nuevo-ceo-de-aon-en-mexico-1016746.html\">https:\/\/diario.mx\/economia\/2024\/jun\/20\/designan-a-franco-di-lucca-como-nuevo-ceo-de-aon-en-mexico-1016746.html<\/a><\/p>\n","protected":false},"excerpt":{"rendered":"<p>La reconocida firma global de servicios profesionales AON ha nombrado a Franco Di Lucca como el flamante CEO para M\u00e9xico, Caribe y Centroam\u00e9rica. Este cambio se produce debido a la jubilaci\u00f3n del actual CEO de la regi\u00f3n, Juan Segura, tras una destacada carrera de m\u00e1s de 42 a\u00f1os en el sector de seguros en M\u00e9xico, [&hellip;]<\/p>\n","protected":false},"author":1,"featured_media":249586,"comment_status":"closed","ping_status":"open","sticky":false,"template":"","format":"standard","meta":{"_acf_changed":false,"_seopress_robots_primary_cat":"","_seopress_titles_title":"","_seopress_titles_desc":"","_seopress_robots_index":"","_et_pb_use_builder":"","_et_pb_old_content":"","_et_gb_content_width":"","footnotes":""},"categories":[46,39],"tags":[],"class_list":["post-249585","post","type-post","status-publish","format-standard","has-post-thumbnail","hentry","category-financieras","category-latam"],"acf":[],"_links":{"self":[{"href":"https:\/\/anuariolatamseguros.com\/blog\/wp-json\/wp\/v2\/posts\/249585","targetHints":{"allow":["GET"]}}],"collection":[{"href":"https:\/\/anuariolatamseguros.com\/blog\/wp-json\/wp\/v2\/posts"}],"about":[{"href":"https:\/\/anuariolatamseguros.com\/blog\/wp-json\/wp\/v2\/types\/post"}],"author":[{"embeddable":true,"href":"https:\/\/anuariolatamseguros.com\/blog\/wp-json\/wp\/v2\/users\/1"}],"replies":[{"embeddable":true,"href":"https:\/\/anuariolatamseguros.com\/blog\/wp-json\/wp\/v2\/comments?post=249585"}],"version-history":[{"count":0,"href":"https:\/\/anuariolatamseguros.com\/blog\/wp-json\/wp\/v2\/posts\/249585\/revisions"}],"wp:featuredmedia":[{"embeddable":true,"href":"https:\/\/anuariolatamseguros.com\/blog\/wp-json\/wp\/v2\/media\/249586"}],"wp:attachment":[{"href":"https:\/\/anuariolatamseguros.com\/blog\/wp-json\/wp\/v2\/media?parent=249585"}],"wp:term":[{"taxonomy":"category","embeddable":true,"href":"https:\/\/anuariolatamseguros.com\/blog\/wp-json\/wp\/v2\/categories?post=249585"},{"taxonomy":"post_tag","embeddable":true,"href":"https:\/\/anuariolatamseguros.com\/blog\/wp-json\/wp\/v2\/tags?post=249585"}],"curies":[{"name":"wp","href":"https:\/\/api.w.org\/{rel}","templated":true}]}}