{"id":249732,"date":"2024-05-24T20:08:44","date_gmt":"2024-05-25T02:08:44","guid":{"rendered":"https:\/\/anuariolatamseguros.com\/blog\/?p=4180"},"modified":"2024-05-24T20:08:44","modified_gmt":"2024-05-25T02:08:44","slug":"gnp-nombra-a-jesus-martinez-castellanos-directivo-de-mapfre-para-dirigir-operaciones-en-mexico","status":"publish","type":"post","link":"https:\/\/anuariolatamseguros.com\/blog\/mexico\/gnp-nombra-a-jesus-martinez-castellanos-directivo-de-mapfre-para-dirigir-operaciones-en-mexico\/","title":{"rendered":"GNP nombra a Jes\u00fas Mart\u00ednez Castellanos directivo de Mapfre para dirigir operaciones en M\u00e9xico"},"content":{"rendered":"\n<p>Jes\u00fas Mart\u00ednez Castellanos, quien recientemente ocupaba el cargo de director general adjunto en Mapfre Iberia, asumir\u00e1 el 1 de julio la posici\u00f3n de director general en la aseguradora de la familia Baill\u00e8res. <\/p>\n\n\n\n<p>GNP ha seleccionado a este destacado ejecutivo de Mapfre para liderar sus operaciones en M\u00e9xico, en sustituci\u00f3n de Jos\u00e9 Eduardo Silva Pylypciow, quien se retira tras dirigir la empresa en los \u00faltimos cinco a\u00f1os. Mart\u00ednez Castellanos, que tambi\u00e9n se desempe\u00f1aba como CEO de Mapfre Vida, regresa a M\u00e9xico despu\u00e9s de liderar las operaciones de Mapfre en el pa\u00eds y Am\u00e9rica Latina durante los \u00faltimos nueve a\u00f1os. <\/p>\n\n\n\n<p>Tras m\u00e1s de tres d\u00e9cadas de carrera en Mapfre, este experimentado directivo de 59 a\u00f1os comunic\u00f3 su salida de la compa\u00f1\u00eda para embarcarse en un nuevo proyecto internacional.<\/p>\n\n\n\n<p> Su llegada a la principal aseguradora de M\u00e9xico marca un nuevo cap\u00edtulo en su trayectoria profesional. GNP cerr\u00f3 el a\u00f1o 2023 con un incremento del 12% en sus primas emitidas, alcanzando los MXN$99.681 millones de pesos (aproximadamente US$6.000 millones), seg\u00fan el \u00faltimo informe anual de la empre<\/p>\n\n\n\n<p><\/p>\n\n\n\n<p><strong>Fuente:<\/strong>&nbsp;Bloomberg L\u00ednea<\/p>\n\n\n\n<p><strong>Enlace:<\/strong>&nbsp;<a target=\"_blank\" href=\"https:\/\/www.bloomberglinea.com\/latinoamerica\/mexico\/gnp-ficha-a-directivo-de-mapfre-para-encabezar-sus-operaciones-en-mexico\/\" rel=\"noreferrer noopener\">https:\/\/www.bloomberglinea.com\/latinoamerica\/mexico\/gnp-ficha-a-directivo-de-mapfre-para-encabezar-sus-operaciones-en-mexico\/<\/a><\/p>\n","protected":false},"excerpt":{"rendered":"<p>Jes\u00fas Mart\u00ednez Castellanos, quien recientemente ocupaba el cargo de director general adjunto en Mapfre Iberia, asumir\u00e1 el 1 de julio la posici\u00f3n de director general en la aseguradora de la familia Baill\u00e8res. GNP ha seleccionado a este destacado ejecutivo de Mapfre para liderar sus operaciones en M\u00e9xico, en sustituci\u00f3n de Jos\u00e9 Eduardo Silva Pylypciow, quien [&hellip;]<\/p>\n","protected":false},"author":1,"featured_media":249733,"comment_status":"open","ping_status":"open","sticky":false,"template":"","format":"standard","meta":{"_acf_changed":false,"_seopress_robots_primary_cat":"","_seopress_titles_title":"","_seopress_titles_desc":"","_seopress_robots_index":"","_et_pb_use_builder":"","_et_pb_old_content":"","_et_gb_content_width":"","footnotes":""},"categories":[46,158,84,43],"tags":[],"class_list":["post-249732","post","type-post","status-publish","format-standard","has-post-thumbnail","hentry","category-financieras","category-gnp","category-mapfre","category-mexico"],"acf":[],"_links":{"self":[{"href":"https:\/\/anuariolatamseguros.com\/blog\/wp-json\/wp\/v2\/posts\/249732","targetHints":{"allow":["GET"]}}],"collection":[{"href":"https:\/\/anuariolatamseguros.com\/blog\/wp-json\/wp\/v2\/posts"}],"about":[{"href":"https:\/\/anuariolatamseguros.com\/blog\/wp-json\/wp\/v2\/types\/post"}],"author":[{"embeddable":true,"href":"https:\/\/anuariolatamseguros.com\/blog\/wp-json\/wp\/v2\/users\/1"}],"replies":[{"embeddable":true,"href":"https:\/\/anuariolatamseguros.com\/blog\/wp-json\/wp\/v2\/comments?post=249732"}],"version-history":[{"count":0,"href":"https:\/\/anuariolatamseguros.com\/blog\/wp-json\/wp\/v2\/posts\/249732\/revisions"}],"wp:featuredmedia":[{"embeddable":true,"href":"https:\/\/anuariolatamseguros.com\/blog\/wp-json\/wp\/v2\/media\/249733"}],"wp:attachment":[{"href":"https:\/\/anuariolatamseguros.com\/blog\/wp-json\/wp\/v2\/media?parent=249732"}],"wp:term":[{"taxonomy":"category","embeddable":true,"href":"https:\/\/anuariolatamseguros.com\/blog\/wp-json\/wp\/v2\/categories?post=249732"},{"taxonomy":"post_tag","embeddable":true,"href":"https:\/\/anuariolatamseguros.com\/blog\/wp-json\/wp\/v2\/tags?post=249732"}],"curies":[{"name":"wp","href":"https:\/\/api.w.org\/{rel}","templated":true}]}}