{"id":249738,"date":"2024-05-23T15:51:00","date_gmt":"2024-05-23T21:51:00","guid":{"rendered":"https:\/\/anuariolatamseguros.com\/blog\/?p=4167"},"modified":"2024-05-23T15:51:00","modified_gmt":"2024-05-23T21:51:00","slug":"instituto-nacional-de-seguros-de-costa-rica-tiene-nueva-presidencia","status":"publish","type":"post","link":"https:\/\/anuariolatamseguros.com\/blog\/ejecutivos\/instituto-nacional-de-seguros-de-costa-rica-tiene-nueva-presidencia\/","title":{"rendered":"Instituto Nacional de Seguros de Costa Rica tiene nueva presidencia"},"content":{"rendered":"\n<p class=\"wp-block-paragraph\">En el cargo asumir\u00e1 Gabriela Chac\u00f3n Fern\u00e1ndez en reemplazo de M\u00f3nica Araya. La nueva presidenta del INS ocupaba el puesto de asesora de la presidencia ejecutiva y cuenta con una trayectoria de 25 a\u00f1os en la instituci\u00f3n. El Instituto Nacional de Seguros (INS) anuncia cambio en la presidencia, seg\u00fan lo confirmado por la Casa Presidencial de Costa Rica, donde Gabriela Chac\u00f3n Fern\u00e1ndez fue juramentada en lugar de M\u00f3nica Araya, quien ocup\u00f3 el cargo durante dos a\u00f1os. Hasta el momento no se han revelado las razones detr\u00e1s de la destituci\u00f3n de Araya. <\/p>\n\n\n\n<p class=\"wp-block-paragraph\">El presidente de Costa Rica, Rodrigo Chaves, al ser preguntado sobre esta modificaci\u00f3n, expres\u00f3: \u00abHubo una serie de eventos, algunos de larga data, que minaron mi confianza. <\/p>\n\n\n\n<p class=\"wp-block-paragraph\">Mi evaluaci\u00f3n de su desempe\u00f1o y sus intenciones fue negativa. Ante la incertidumbre, el entrenador t\u00e9cnico indica el cambio\u00bb. Esta decisi\u00f3n se produjo un d\u00eda despu\u00e9s de que la Junta Directiva del INS declarara desierto el proceso de licitaci\u00f3n del marchamo digital.<\/p>\n\n\n\n<p class=\"wp-block-paragraph\"> Una resoluci\u00f3n de la Contralor\u00eda General de la Rep\u00fablica (CGR) determin\u00f3 la anulaci\u00f3n de la adjudicaci\u00f3n de etiquetas para el marchamo digital, ordenando la revisi\u00f3n de las ofertas.<\/p>\n\n\n\n<p class=\"wp-block-paragraph\"> Gabriela Chac\u00f3n Fern\u00e1ndez fue nombrada en reemplazo de Araya. Anteriormente se desempe\u00f1aba como asesora de la presidencia ejecutiva y cuenta con una experiencia de 25 a\u00f1os en el INS.<\/p>\n\n\n\n<p class=\"wp-block-paragraph\"> M\u00f3nica Araya: Agradecimiento por el respaldo y la confianza En un video compartido en su perfil de LinkedIn, Araya agradeci\u00f3 a quienes la acompa\u00f1aron durante su mandato como presidenta del INS y destac\u00f3 que su labor siempre estuvo guiada por la \u00e9tica. \u00abFue sin duda un desaf\u00edo donde la legalidad, la transparencia y la integridad marcaron un camino lleno de logros\u00bb, mencion\u00f3 en su mensaje, a\u00f1adiendo \u00abno lo digo yo, lo confirman agencias de calificaci\u00f3n de riesgos, auditor\u00edas externas e incluso reconocimientos internacionales\u00bb. <\/p>\n\n\n\n<p class=\"wp-block-paragraph\">Araya fue reconocida por los lectores de esta publicaci\u00f3n como una l\u00edder de Confianza en 2023. Durante su gesti\u00f3n, se enfoc\u00f3 en empoderar a m\u00e1s mujeres y lograr una gesti\u00f3n eficiente del capital humano. <\/p>\n\n\n\n<p class=\"wp-block-paragraph\">M\u00f3nica Araya es graduada en Administraci\u00f3n de Empresas por la Universidad Latina, y ha ocupado la presidencia de la Federaci\u00f3n de C\u00e1maras de Exportadores de Centroam\u00e9rica (2010-2012) y de la C\u00e1mara de Exportadores de Costa Rica (2006-2012).<\/p>\n\n\n\n<p class=\"wp-block-paragraph\"><\/p>\n\n\n\n<p class=\"wp-block-paragraph\"><strong>Fuente:<\/strong>&nbsp;Revista E y N<\/p>\n\n\n\n<p class=\"wp-block-paragraph\"><strong>Enlace:<\/strong>&nbsp;<a target=\"_blank\" href=\"https:\/\/www.revistaeyn.com\/finanzas\/instituto-nacional-de-seguros-de-costa-rica-cambia-de-presidencia-JM19372128\" rel=\"noreferrer noopener\">https:\/\/www.revistaeyn.com\/finanzas\/instituto-nacional-de-seguros-de-costa-rica-cambia-de-presidencia-JM19372128<\/a><\/p>\n","protected":false},"excerpt":{"rendered":"<p>En el cargo asumir\u00e1 Gabriela Chac\u00f3n Fern\u00e1ndez en reemplazo de M\u00f3nica Araya. La nueva presidenta del INS ocupaba el puesto de asesora de la presidencia ejecutiva y cuenta con una trayectoria de 25 a\u00f1os en la instituci\u00f3n. El Instituto Nacional de Seguros (INS) anuncia cambio en la presidencia, seg\u00fan lo confirmado por la Casa Presidencial [&hellip;]<\/p>\n","protected":false},"author":1,"featured_media":249739,"comment_status":"open","ping_status":"open","sticky":false,"template":"","format":"standard","meta":{"_acf_changed":false,"_seopress_robots_primary_cat":"","_seopress_titles_title":"","_seopress_titles_desc":"","_seopress_robots_index":"","_et_pb_use_builder":"","_et_pb_old_content":"","_et_gb_content_width":"","footnotes":""},"categories":[129,38,46],"tags":[],"class_list":["post-249738","post","type-post","status-publish","format-standard","has-post-thumbnail","hentry","category-costa-rica","category-ejecutivos","category-financieras"],"acf":[],"_links":{"self":[{"href":"https:\/\/anuariolatamseguros.com\/blog\/wp-json\/wp\/v2\/posts\/249738","targetHints":{"allow":["GET"]}}],"collection":[{"href":"https:\/\/anuariolatamseguros.com\/blog\/wp-json\/wp\/v2\/posts"}],"about":[{"href":"https:\/\/anuariolatamseguros.com\/blog\/wp-json\/wp\/v2\/types\/post"}],"author":[{"embeddable":true,"href":"https:\/\/anuariolatamseguros.com\/blog\/wp-json\/wp\/v2\/users\/1"}],"replies":[{"embeddable":true,"href":"https:\/\/anuariolatamseguros.com\/blog\/wp-json\/wp\/v2\/comments?post=249738"}],"version-history":[{"count":0,"href":"https:\/\/anuariolatamseguros.com\/blog\/wp-json\/wp\/v2\/posts\/249738\/revisions"}],"wp:featuredmedia":[{"embeddable":true,"href":"https:\/\/anuariolatamseguros.com\/blog\/wp-json\/wp\/v2\/media\/249739"}],"wp:attachment":[{"href":"https:\/\/anuariolatamseguros.com\/blog\/wp-json\/wp\/v2\/media?parent=249738"}],"wp:term":[{"taxonomy":"category","embeddable":true,"href":"https:\/\/anuariolatamseguros.com\/blog\/wp-json\/wp\/v2\/categories?post=249738"},{"taxonomy":"post_tag","embeddable":true,"href":"https:\/\/anuariolatamseguros.com\/blog\/wp-json\/wp\/v2\/tags?post=249738"}],"curies":[{"name":"wp","href":"https:\/\/api.w.org\/{rel}","templated":true}]}}