{"id":249980,"date":"2024-03-19T19:26:54","date_gmt":"2024-03-20T01:26:54","guid":{"rendered":"https:\/\/anuariolatamseguros.com\/blog\/?p=3650"},"modified":"2024-03-19T19:26:54","modified_gmt":"2024-03-20T01:26:54","slug":"fasecolda-lanza-la-segunda-edicion-sobre-diplomado-en-periodismo-de-seguros","status":"publish","type":"post","link":"https:\/\/anuariolatamseguros.com\/blog\/colombia\/fasecolda-lanza-la-segunda-edicion-sobre-diplomado-en-periodismo-de-seguros\/","title":{"rendered":"Fasecolda lanza la segunda edici\u00f3n sobre Diplomado en Periodismo de Seguros"},"content":{"rendered":"\n<p>Hoy comienza la inscripci\u00f3n para el Curso Avanzado de Comunicaci\u00f3n en el \u00c1mbito de los Seguros, una oportunidad de aprendizaje dise\u00f1ada para los profesionales de la comunicaci\u00f3n en el pa\u00eds, con una duraci\u00f3n de 90 horas. En esta segunda edici\u00f3n del curso, Fasecolda otorgar\u00e1 10 becas completas para que los periodistas adquieran las herramientas necesarias para comprender y analizar los temas relacionados con el mundo de los seguros. <\/p>\n\n\n\n<p>Esta iniciativa formativa, organizada por Fasecolda y el Instituto Nacional de Seguros \u2013 INS en colaboraci\u00f3n con la Universidad Externado de Colombia, dar\u00e1 inicio el 25 de abril. Las clases se llevar\u00e1n a cabo de manera virtual los jueves de 6:00 p.m. a 9:00 p.m. y los s\u00e1bados de 8:00 a.m. a 12 m. En la primera edici\u00f3n del curso el a\u00f1o pasado, participaron 23 periodistas de medios tanto nacionales como regionales, quienes tras completar y aprobar todos los m\u00f3dulos, recibieron su certificaci\u00f3n en una ceremonia en la Universidad Externado de Colombia. <\/p>\n\n\n\n<p>Para optar a una de las becas de estudio este a\u00f1o, los interesados deben cumplir con los siguientes requisitos:<\/p>\n\n\n\n<p> &#8211; Ser empleados de un medio de comunicaci\u00f3n colombiano<\/p>\n\n\n\n<p> &#8211; Tener al menos dos a\u00f1os de experiencia en su puesto actual <\/p>\n\n\n\n<p>&#8211; Cubrir temas relacionados con econom\u00eda, riesgos, seguros y \u00e1reas afines Entre los contenidos del programa acad\u00e9mico del curso se incluyen: <\/p>\n\n\n\n<p>&#8211; Introducci\u00f3n al sector asegurador <\/p>\n\n\n\n<p>&#8211; El sector en el contexto econ\u00f3mico <\/p>\n\n\n\n<p>&#8211; Aspectos legales de la industria <\/p>\n\n\n\n<p>&#8211; Interpretaci\u00f3n de las estad\u00edsticas del sector<\/p>\n\n\n\n<p> &#8211; Aplicaci\u00f3n del lenguaje period\u00edstico en el \u00e1mbito de los seguros <\/p>\n\n\n\n<p>&#8211; Terminolog\u00eda espec\u00edfica del sector <\/p>\n\n\n\n<p>&#8211; T\u00e9cnicas para cubrir noticias relacionadas con seguros <\/p>\n\n\n\n<p>&#8211; Desarrollo del lenguaje period\u00edstico <\/p>\n\n\n\n<p>&#8211; Presentaci\u00f3n de datos sectoriales<\/p>\n\n\n\n<p> &#8211; Conceptos fundamentales de cada tipo de seguro <\/p>\n\n\n\n<p>&#8211; Clasificaci\u00f3n de los seguros en Colombia<\/p>\n\n\n\n<p> &#8211; Seguros de vida, salud y seguridad social <\/p>\n\n\n\n<p>&#8211; Coberturas y exclusiones<\/p>\n\n\n\n<p> &#8211; Principios b\u00e1sicos de la actuaci\u00f3n en seguros <\/p>\n\n\n\n<p>&#8211; An\u00e1lisis detallado del mercado asegurador en Colombia <\/p>\n\n\n\n<p>&#8211; Seguros generales <\/p>\n\n\n\n<p>&#8211; Seguros obligatorios <\/p>\n\n\n\n<p>&#8211; Funci\u00f3n de los intermediarios, corredores y reaseguradoras<\/p>\n\n\n\n<p> &#8211; Tendencias emergentes, productos y riesgos <\/p>\n\n\n\n<p>&#8211; Seguros inclusivos <\/p>\n\n\n\n<p>&#8211; Riesgos ambientales y sostenibilidad <\/p>\n\n\n\n<p>&#8211; Seguros param\u00e9tricos<\/p>\n\n\n\n<p> &#8211; Innovaciones en la industria Aquellos comunicadores interesados en solicitar una beca de estudio podr\u00e1n hacerlo antes del 9 de abril de 2024.<\/p>\n\n\n\n<p><strong>Fuente:<\/strong>&nbsp;Fasecolda<\/p>\n\n\n\n<p><strong>Enlace:<\/strong>&nbsp;<a target=\"_blank\" href=\"https:\/\/www.fasecolda.com\/sala-de-prensa\/fasecolda-en-linea\/noticias\/noticias-2024\/fasecolda-lanza-la-segunda-edicion-del-diplomado-en-periodismo-de-seguros\/\" rel=\"noreferrer noopener\">https:\/\/www.fasecolda.com\/sala-de-prensa\/fasecolda-en-linea\/noticias\/noticias-2024\/fasecolda-lanza-la-segunda-edicion-del-diplomado-en-periodismo-de-seguros\/<\/a><\/p>\n","protected":false},"excerpt":{"rendered":"<p>Hoy comienza la inscripci\u00f3n para el Curso Avanzado de Comunicaci\u00f3n en el \u00c1mbito de los Seguros, una oportunidad de aprendizaje dise\u00f1ada para los profesionales de la comunicaci\u00f3n en el pa\u00eds, con una duraci\u00f3n de 90 horas. En esta segunda edici\u00f3n del curso, Fasecolda otorgar\u00e1 10 becas completas para que los periodistas adquieran las herramientas necesarias [&hellip;]<\/p>\n","protected":false},"author":1,"featured_media":249981,"comment_status":"open","ping_status":"open","sticky":false,"template":"","format":"standard","meta":{"_acf_changed":false,"_seopress_robots_primary_cat":"","_seopress_titles_title":"","_seopress_titles_desc":"","_seopress_robots_index":"","_et_pb_use_builder":"","_et_pb_old_content":"","_et_gb_content_width":"","footnotes":""},"categories":[93,100],"tags":[],"class_list":["post-249980","post","type-post","status-publish","format-standard","has-post-thumbnail","hentry","category-colombia","category-eventos"],"acf":[],"_links":{"self":[{"href":"https:\/\/anuariolatamseguros.com\/blog\/wp-json\/wp\/v2\/posts\/249980","targetHints":{"allow":["GET"]}}],"collection":[{"href":"https:\/\/anuariolatamseguros.com\/blog\/wp-json\/wp\/v2\/posts"}],"about":[{"href":"https:\/\/anuariolatamseguros.com\/blog\/wp-json\/wp\/v2\/types\/post"}],"author":[{"embeddable":true,"href":"https:\/\/anuariolatamseguros.com\/blog\/wp-json\/wp\/v2\/users\/1"}],"replies":[{"embeddable":true,"href":"https:\/\/anuariolatamseguros.com\/blog\/wp-json\/wp\/v2\/comments?post=249980"}],"version-history":[{"count":0,"href":"https:\/\/anuariolatamseguros.com\/blog\/wp-json\/wp\/v2\/posts\/249980\/revisions"}],"wp:featuredmedia":[{"embeddable":true,"href":"https:\/\/anuariolatamseguros.com\/blog\/wp-json\/wp\/v2\/media\/249981"}],"wp:attachment":[{"href":"https:\/\/anuariolatamseguros.com\/blog\/wp-json\/wp\/v2\/media?parent=249980"}],"wp:term":[{"taxonomy":"category","embeddable":true,"href":"https:\/\/anuariolatamseguros.com\/blog\/wp-json\/wp\/v2\/categories?post=249980"},{"taxonomy":"post_tag","embeddable":true,"href":"https:\/\/anuariolatamseguros.com\/blog\/wp-json\/wp\/v2\/tags?post=249980"}],"curies":[{"name":"wp","href":"https:\/\/api.w.org\/{rel}","templated":true}]}}