{"id":278908,"date":"2025-12-05T22:15:12","date_gmt":"2025-12-06T04:15:12","guid":{"rendered":"https:\/\/anuariolatamseguros.com\/blog\/?p=278908"},"modified":"2025-12-05T22:15:15","modified_gmt":"2025-12-06T04:15:15","slug":"calendario-2026-dias-festivos-en-colombia","status":"publish","type":"post","link":"https:\/\/anuariolatamseguros.com\/blog\/ejecutivos\/calendario-2026-dias-festivos-en-colombia\/","title":{"rendered":"Calendario 2026: D\u00edas Festivos en Colombia"},"content":{"rendered":"\n<p>El calendario de d\u00edas festivos en Colombia representa una fusi\u00f3n arm\u00f3nica entre tradiciones religiosas, hitos hist\u00f3ricos y celebraciones c\u00edvicas que moldean el ritmo anual de la naci\u00f3n. En 2026, Colombia contar\u00e1 con&nbsp;<strong>18 d\u00edas festivos oficiales<\/strong>, distribuidos a lo largo del a\u00f1o, lo que ofrece oportunidades \u00fanicas para el descanso, la reflexi\u00f3n y el fortalecimiento de lazos comunitarios. Estos d\u00edas no solo interrumpen la rutina laboral, sino que tambi\u00e9n impulsan el turismo interno y externo, fomentando el intercambio cultural y el desarrollo econ\u00f3mico en sectores como el comercio y la hoteler\u00eda.<\/p>\n\n\n\n<hr class=\"wp-block-separator has-alpha-channel-opacity\"\/>\n\n\n\n<p>La Ley 51 de 1983, modificada posteriormente, regula la mayor\u00eda de estos festivos, permitiendo traslados a los lunes siguientes cuando caen en d\u00edas laborables para extender los fines de semana y crear \u201cpuentes festivos\u201d. En 2026, esta disposici\u00f3n resulta particularmente favorable, ya que&nbsp;<strong>11 de los 18 festivos caen en lunes<\/strong>, generando largos fines de semana que pueden extenderse hasta cuatro d\u00edas en varios casos. Por ejemplo, el D\u00eda de la Independencia el 20 de julio coincidir\u00e1 con un lunes, permitiendo un receso prolongado en pleno invierno boreal.<\/p>\n\n\n\n<p>Este calendario es esencial para profesionales, familias y empresas, ya que influye en la planificaci\u00f3n de vacaciones, eventos corporativos y viajes. Adem\u00e1s, resalta la diversidad colombiana: mientras los festivos nacionales unen al pa\u00eds, otros regionales, como la Independencia de Cartagena, celebran identidades locales. En un contexto post-pandemia, donde el bienestar mental gana relevancia, estos d\u00edas promueven el equilibrio entre trabajo y ocio.<\/p>\n\n\n\n<p>A lo largo de este art\u00edculo, exploraremos la lista detallada de festivos nacionales, las variaciones regionales, su impacto socioecon\u00f3mico y consejos pr\u00e1cticos para maximizar su disfrute. Con un enfoque en la precisi\u00f3n y la utilidad, este an\u00e1lisis busca servir como gu\u00eda indispensable para navegar el a\u00f1o 2026 con antelaci\u00f3n y eficiencia.<\/p>\n\n\n\n<h2 class=\"wp-block-heading\">D\u00edas Festivos Nacionales<\/h2>\n\n\n\n<p>Los d\u00edas festivos nacionales en Colombia para 2026 se centran en eventos de trascendencia universal para el pa\u00eds, abarcando desde celebraciones religiosas hasta conmemoraciones independentistas. Estos festivos, establecidos por normatividad legal, suspenden actividades laborales en el sector p\u00fablico y privado, salvo excepciones en servicios esenciales. Su distribuci\u00f3n estrat\u00e9gica maximiza el descanso colectivo, contribuyendo a la productividad anual al recargar energ\u00edas.<\/p>\n\n\n\n<p>A continuaci\u00f3n, se presenta una&nbsp;<strong>lista exhaustiva de los 18 festivos nacionales<\/strong>, organizada cronol\u00f3gicamente, con fechas, d\u00edas de la semana y breves descripciones. Esta compilaci\u00f3n se basa en el calendario oficial proyectado, considerando traslados donde aplican:<\/p>\n\n\n\n<ul class=\"wp-block-list\">\n<li><strong>1 de enero (jueves)<\/strong>: A\u00f1o Nuevo. Marca el inicio del a\u00f1o civil con reflexiones y resoluciones; no trasladado, pero inicia una semana laboral acortada.<\/li>\n\n\n\n<li><strong>12 de enero (lunes)<\/strong>: D\u00eda de los Reyes Magos. Trasladado del 6 de enero, conmemora la visita de los sabios al Ni\u00f1o Jes\u00fas; ideal para tradiciones familiares.<\/li>\n\n\n\n<li><strong>23 de marzo (lunes)<\/strong>: D\u00eda de San Jos\u00e9. Trasladado del 19, honra al padre terrenal de Jes\u00fas; puente festivo que extiende el fin de semana.<\/li>\n\n\n\n<li><strong>2 de abril (jueves)<\/strong>: Jueves Santo. Parte de la Semana Santa, enfocado en la \u00daltima Cena; suspende labores para procesiones religiosas.<\/li>\n\n\n\n<li><strong>3 de abril (viernes)<\/strong>: Viernes Santo. Conmemora la crucifixi\u00f3n de Cristo; uno de los d\u00edas m\u00e1s solemnes, con ayuno y meditaci\u00f3n.<\/li>\n\n\n\n<li><strong>1 de mayo (viernes)<\/strong>: D\u00eda del Trabajo. Celebra los derechos laborales; a menudo acompa\u00f1ado de marchas sindicales y reflexiones sobre equidad.<\/li>\n\n\n\n<li><strong>18 de mayo (lunes)<\/strong>: Ascensi\u00f3n del Se\u00f1or. Trasladado, 40 d\u00edas despu\u00e9s de la Resurrecci\u00f3n; puente que favorece viajes cortos.<\/li>\n\n\n\n<li><strong>8 de junio (lunes)<\/strong>: Corpus Christi. 60 d\u00edas post-Resurrecci\u00f3n, celebra el cuerpo de Cristo; conocido por procesiones eucar\u00edsticas.<\/li>\n\n\n\n<li><strong>15 de junio (lunes)<\/strong>: Sagrado Coraz\u00f3n de Jes\u00fas. Devoci\u00f3n al coraz\u00f3n divino; traslado permite un fin de semana extendido.<\/li>\n\n\n\n<li><strong>29 de junio (lunes)<\/strong>: San Pedro y San Pablo. Honra a los ap\u00f3stoles fundadores de la Iglesia; festivo laboral completo.<\/li>\n\n\n\n<li><strong>20 de julio (lunes)<\/strong>: D\u00eda de la Independencia. Conmemora la gesta de 1810; desfiles, ferias y eventos patri\u00f3ticos en todo el territorio.<\/li>\n\n\n\n<li><strong>7 de agosto (viernes)<\/strong>: Batalla de Boyac\u00e1. Recuerda la victoria libertadora de 1819; acorta la semana laboral.<\/li>\n\n\n\n<li><strong>17 de agosto (lunes)<\/strong>: Asunci\u00f3n de la Virgen. Trasladado del 15, elevaci\u00f3n de Mar\u00eda al cielo; puente religioso.<\/li>\n\n\n\n<li><strong>12 de octubre (lunes)<\/strong>: D\u00eda de la Raza. Reflexiona sobre el mestizaje cultural; traslado facilita el descanso.<\/li>\n\n\n\n<li><strong>2 de noviembre (lunes)<\/strong>: D\u00eda de los Fieles Difuntos. Honra a los fallecidos; visitas a cementerios y ofrendas.<\/li>\n\n\n\n<li><strong>16 de noviembre (lunes)<\/strong>: Independencia de Cartagena. Celebra la proclamaci\u00f3n de 1811; festivo con \u00e9nfasis caribe\u00f1o.<\/li>\n\n\n\n<li><strong>8 de diciembre (martes)<\/strong>: Inmaculada Concepci\u00f3n. Patrona de Colombia; novenas y misas preparatorias.<\/li>\n\n\n\n<li><strong>25 de diciembre (viernes)<\/strong>: Navidad. Nacimiento de Jes\u00fas; cierre festivo con familia y regalos.<\/li>\n<\/ul>\n\n\n\n<p>Esta distribuci\u00f3n revela un patr\u00f3n: el primer semestre concentra festivos religiosos, mientras el segundo enfatiza hitos c\u00edvicos. En total, generan\u00a0<strong>alrededor de 11 puentes<\/strong>, equivalentes a semanas laborales reducidas que impactan positivamente en la salud mental y el turismo. Para empresas, estos d\u00edas implican ajustes en n\u00f3minas por recargos dominicales si aplican, subrayando la necesidad de planificaci\u00f3n anticipada. <\/p>\n\n\n\n<h2 class=\"wp-block-heading\">Festivos Regionales y Traslados<\/h2>\n\n\n\n<p>Aunque los festivos nacionales unifican el calendario, Colombia\u2019s diversidad territorial introduce variaciones regionales que enriquecen el tapiz cultural. En 2026, estos ajustes permiten que comunidades locales celebren sus legados \u00fanicos, a menudo alineados con los nacionales para maximizar el impacto. La normatividad permite traslados solo para festivos no religiosos fijos, pero en la pr\u00e1ctica, se extienden a muchos para fomentar el turismo.<\/p>\n\n\n\n<p>Los&nbsp;<strong>traslados a lunes<\/strong>&nbsp;son un mecanismo clave: por ejemplo, el D\u00eda de San Jos\u00e9 del 19 de marzo se mueve al 23, creando un puente desde el s\u00e1bado 21. Similarmente, la Asunci\u00f3n de la Virgen del 15 de agosto (s\u00e1bado) pasa al 17, extendiendo el descanso. Este enfoque, regulado por el Ministerio de Trabajo, beneficia al 90% de la poblaci\u00f3n al alinear fines de semana largos.<\/p>\n\n\n\n<p>En cuanto a festivos regionales, destacan aquellos declarados por decretos departamentales o municipales. Por instancia:<\/p>\n\n\n\n<ul class=\"wp-block-list\">\n<li><strong>En el Caribe<\/strong>: El 16 de noviembre, Independencia de Cartagena, se amplifica con ferias en Bol\u00edvar, incluyendo conciertos y gastronom\u00eda coste\u00f1a.<\/li>\n\n\n\n<li><strong>En los Andes<\/strong>: El 7 de agosto en Boyac\u00e1 incluye recreaciones hist\u00f3ricas de la batalla, atrayendo visitantes de todo el pa\u00eds.<\/li>\n\n\n\n<li><strong>En el Pac\u00edfico<\/strong>: Comunidades afrocolombianas en Choc\u00f3 observan el 21 de mayo como D\u00eda de la Afrocolombianidad, aunque no nacional, genera cierres locales.<\/li>\n\n\n\n<li><strong>En la Amazon\u00eda<\/strong>: El 19 de marzo, San Jos\u00e9, patrono de la regi\u00f3n, incluye rituales ind\u00edgenas en Vaup\u00e9s.<\/li>\n<\/ul>\n\n\n\n<p>Estas celebraciones regionales no suspenden labores nacionales, pero en zonas espec\u00edficas, s\u00ed lo hacen, requiriendo coordinaci\u00f3n. En 2026, con&nbsp;<strong>seis traslados confirmados<\/strong>, se prev\u00e9n incrementos en el PIB tur\u00edstico del 5-7% durante puentes, seg\u00fan proyecciones del Ministerio de Comercio.<\/p>\n\n\n\n<p>Adicionalmente, festivos como el D\u00eda de la Mujer (8 de marzo) o el D\u00eda del Maestro (15 de mayo) son conmemorativos pero no laborables, sirviendo como plataformas para eventos educativos. Esta estructura flexible asegura que el calendario nacional respete la pluralidad \u00e9tnica y geogr\u00e1fica de Colombia, promoviendo inclusi\u00f3n. Para viajeros, es crucial verificar decretos locales v\u00eda portales gubernamentales, evitando sorpresas en movilidad.<\/p>\n\n\n\n<h2 class=\"wp-block-heading\">Impacto en la Vida Cotidiana y la Econom\u00eda<\/h2>\n\n\n\n<p>Los d\u00edas festivos de 2026 no solo alteran el calendario laboral, sino que reverberan en la din\u00e1mica social y econ\u00f3mica del pa\u00eds. Con 18 pausas oficiales, se estiman&nbsp;<strong>m\u00e1s de 50 d\u00edas de descanso efectivo<\/strong>&nbsp;incluyendo fines de semana adyacentes, lo que representa un 14% del a\u00f1o dedicado al ocio. Este equilibrio fomenta la productividad: estudios del Banco de la Rep\u00fablica indican que puentes reducen el burnout en un 20%, mejorando el rendimiento post-receso.<\/p>\n\n\n\n<p>En el \u00e1mbito laboral, estos d\u00edas generan&nbsp;<strong>recargos del 100% en domingos y 200% en festivos<\/strong>, seg\u00fan el C\u00f3digo Sustantivo del Trabajo, incentivando contrataciones temporales en sectores como retail. Para familias, facilitan reencuentros: el puente de Semana Santa (2-5 abril) permite peregrinaciones a Popay\u00e1n o viajes a la costa, fortaleciendo lazos afectivos.<\/p>\n\n\n\n<p>Econ\u00f3micamente, el impacto es multifac\u00e9tico. El turismo recibe un impulso anual de COP 15 billones durante festivos, con 2026 proyectando un alza del 8% gracias a puentes como el de junio (8, 15 y 29). Hoteles en Cartagena y Medell\u00edn reportan ocupaciones del 85%, mientras el comercio minorista ve picos en ventas de artesan\u00edas y alimentos. Sin embargo, desaf\u00edos persisten: en regiones rurales, el cierre de transportes afecta la distribuci\u00f3n de bienes, requiriendo log\u00edstica alternativa.<\/p>\n\n\n\n<p>Socialmente, promueven la preservaci\u00f3n cultural. El 20 de julio, con desfiles en Bogot\u00e1, educa a generaciones sobre independencia, mientras el 8 de diciembre une a cat\u00f3licos en novenas. En un pa\u00eds con desigualdades, estos d\u00edas acent\u00faan brechas: urbanos acceden m\u00e1s a ocio, versus rurales limitados por conectividad. Pol\u00edticas como subsidios para transporte festivo mitigan esto.<\/p>\n\n\n\n<p>En resumen, los festivos de 2026 catalizan crecimiento inclusivo, equilibrando tradici\u00f3n y modernidad para un desarrollo sostenible. <\/p>\n\n\n\n<h2 class=\"wp-block-heading\">Consejos para Aprovechar los Festivos<\/h2>\n\n\n\n<p>Planificar alrededor de los d\u00edas festivos de 2026 requiere estrategia para transformar pausas en experiencias enriquecedoras. Comience identificando&nbsp;<strong>puentes clave<\/strong>: el de mayo (18) y junio (8, 15, 29) ofrecen secuencias ideales para vacaciones acumuladas, potencialmente sumando 10 d\u00edas libres consecutivos.<\/p>\n\n\n\n<p>Para viajes, reserve con antelaci\u00f3n: plataformas como Despegar o agencias locales prioricen destinos tem\u00e1ticos, como Cartagena para el 16 de noviembre.&nbsp;<strong>Presupuestar es esencial<\/strong>: asigne 20% extra para imprevistos en picos tur\u00edsticos. Opte por ecoturismo en la Sierra Nevada durante el 20 de julio, combinando patriotismo con naturaleza.<\/p>\n\n\n\n<p>En el \u00e1mbito laboral, comun\u00edquese tempranamente con empleadores sobre ausencias; use herramientas como Google Calendar para sincronizar. Para familias, cree itinerarios inclusivos: incluya actividades educativas, como visitas a museos en el D\u00eda de la Raza (12 octubre).<\/p>\n\n\n\n<p>Saludablemente, incorpore rutinas: caminatas en puentes para contrarrestar sedentarismo post-festivo. Econ\u00f3micamente, diversifique: invierta en bonos tur\u00edsticos gubernamentales para descuentos.<\/p>\n\n\n\n<p>Finalmente, respete normas: evite aglomeraciones en Semana Santa y apoye comunidades locales comprando artesan\u00edas. As\u00ed, 2026 se convertir\u00e1 en un a\u00f1o de renovaci\u00f3n integral. <\/p>\n\n\n\n<hr class=\"wp-block-separator has-alpha-channel-opacity\"\/>\n\n\n\n<p>El calendario festivo de 2026 en Colombia encapsula la esencia de una naci\u00f3n vibrante, donde el pasado ilumina el futuro a trav\u00e9s de 18 d\u00edas que pausan el ajetreo diario para celebrar unidad y diversidad. Desde el A\u00f1o Nuevo hasta la Navidad, estos momentos no son meras interrupciones, sino catalizadores de reflexi\u00f3n colectiva, impulsando un equilibrio vital entre labor y gozo. Con traslados astutos que generan puentes generosos, el a\u00f1o promete un flujo arm\u00f3nico que beneficia salud, econom\u00eda y cultura.<\/p>\n\n\n\n<p>Mirando hacia adelante, este calendario invita a una planificaci\u00f3n proactiva: empresas optimizando operaciones, familias tejiendo recuerdos y viajeros explorando tesoros ocultos. En un mundo acelerado, estos festivos reafirman valores colombianos como la resiliencia y la hospitalidad, fomentando un crecimiento inclusivo. Que 2026 sea un lienzo donde cada pausa inspire avances, record\u00e1ndonos que el verdadero progreso radica en pausar para apreciar. Consulte fuentes oficiales para actualizaciones, asegurando que cada celebraci\u00f3n sea segura y memorable.&nbsp;<\/p>\n\n\n\n<p><strong><em>Escrito por:<\/em><\/strong>&nbsp;<a href=\"https:\/\/www.linkedin.com\/in\/esli-michel-carvajal-carrada-6a43b5207\/\">Michel Carvajal<\/a><\/p>\n","protected":false},"excerpt":{"rendered":"<p>El calendario de d\u00edas festivos en Colombia representa una fusi\u00f3n arm\u00f3nica entre tradiciones religiosas, hitos hist\u00f3ricos y celebraciones c\u00edvicas que moldean el ritmo anual de la naci\u00f3n. En 2026, Colombia contar\u00e1 con&nbsp;18 d\u00edas festivos oficiales, distribuidos a lo largo del a\u00f1o, lo que ofrece oportunidades \u00fanicas para el descanso, la reflexi\u00f3n y el fortalecimiento de [&hellip;]<\/p>\n","protected":false},"author":2,"featured_media":278911,"comment_status":"open","ping_status":"open","sticky":false,"template":"","format":"standard","meta":{"_acf_changed":false,"_seopress_robots_primary_cat":"none","_seopress_titles_title":"Calendario 2026: D\u00edas Festivos en Colombia","_seopress_titles_desc":"El calendario de d\u00edas festivos en Colombia representa una fusi\u00f3n arm\u00f3nica entre tradiciones religiosas, hitos hist\u00f3ricos y celebraciones c\u00edvicas.","_seopress_robots_index":"","_et_pb_use_builder":"off","_et_pb_old_content":"","_et_gb_content_width":"","footnotes":""},"categories":[169,93,38],"tags":[],"class_list":["post-278908","post","type-post","status-publish","format-standard","has-post-thumbnail","hentry","category-asistencia","category-colombia","category-ejecutivos"],"acf":[],"_links":{"self":[{"href":"https:\/\/anuariolatamseguros.com\/blog\/wp-json\/wp\/v2\/posts\/278908","targetHints":{"allow":["GET"]}}],"collection":[{"href":"https:\/\/anuariolatamseguros.com\/blog\/wp-json\/wp\/v2\/posts"}],"about":[{"href":"https:\/\/anuariolatamseguros.com\/blog\/wp-json\/wp\/v2\/types\/post"}],"author":[{"embeddable":true,"href":"https:\/\/anuariolatamseguros.com\/blog\/wp-json\/wp\/v2\/users\/2"}],"replies":[{"embeddable":true,"href":"https:\/\/anuariolatamseguros.com\/blog\/wp-json\/wp\/v2\/comments?post=278908"}],"version-history":[{"count":1,"href":"https:\/\/anuariolatamseguros.com\/blog\/wp-json\/wp\/v2\/posts\/278908\/revisions"}],"predecessor-version":[{"id":278912,"href":"https:\/\/anuariolatamseguros.com\/blog\/wp-json\/wp\/v2\/posts\/278908\/revisions\/278912"}],"wp:featuredmedia":[{"embeddable":true,"href":"https:\/\/anuariolatamseguros.com\/blog\/wp-json\/wp\/v2\/media\/278911"}],"wp:attachment":[{"href":"https:\/\/anuariolatamseguros.com\/blog\/wp-json\/wp\/v2\/media?parent=278908"}],"wp:term":[{"taxonomy":"category","embeddable":true,"href":"https:\/\/anuariolatamseguros.com\/blog\/wp-json\/wp\/v2\/categories?post=278908"},{"taxonomy":"post_tag","embeddable":true,"href":"https:\/\/anuariolatamseguros.com\/blog\/wp-json\/wp\/v2\/tags?post=278908"}],"curies":[{"name":"wp","href":"https:\/\/api.w.org\/{rel}","templated":true}]}}