{"id":278950,"date":"2025-12-09T19:59:32","date_gmt":"2025-12-10T01:59:32","guid":{"rendered":"https:\/\/anuariolatamseguros.com\/blog\/?p=278950"},"modified":"2025-12-09T19:59:34","modified_gmt":"2025-12-10T01:59:34","slug":"dias-festivos-oficiales-2026-en-argentina","status":"publish","type":"post","link":"https:\/\/anuariolatamseguros.com\/blog\/ejecutivos\/dias-festivos-oficiales-2026-en-argentina\/","title":{"rendered":"D\u00edas Festivos Oficiales 2026 en Argentina"},"content":{"rendered":"\n<p>Los d\u00edas festivos oficiales en Argentina representan momentos clave en el calendario nacional, dise\u00f1ados para conmemorar eventos hist\u00f3ricos, religiosos y culturales que han moldeado la identidad del pa\u00eds. En 2026, el a\u00f1o contar\u00e1 con un total de 16 feriados nacionales, distribuidos de manera equilibrada a lo largo de los doce meses, lo que permite a los ciudadanos planificar descansos, viajes y actividades familiares con antelaci\u00f3n. Estos feriados se dividen en inamovibles, que se mantienen en fechas fijas independientemente del d\u00eda de la semana, y trasladables, que el gobierno puede ajustar para fomentar fines de semana largos y estimular el turismo interno. La Ley de Feriados Nacionales, que regula estos d\u00edas, busca equilibrar el descanso colectivo con el desarrollo econ\u00f3mico, especialmente en un contexto post-pandemia donde el turismo ha recuperado vigor.<\/p>\n\n\n\n<hr class=\"wp-block-separator has-alpha-channel-opacity\"\/>\n\n\n\n<p>El calendario de 2026 inicia con un feriado en enero y culmina con dos en diciembre, incluyendo celebraciones como el D\u00eda de la Independencia y la Inmaculada Concepci\u00f3n. Estos d\u00edas no solo suspenden las actividades laborales habituales en el sector p\u00fablico y privado, sino que tambi\u00e9n promueven reflexiones colectivas sobre valores patri\u00f3ticos y tradiciones religiosas. Por ejemplo, feriados como el 25 de mayo evocan la Revoluci\u00f3n de Mayo de 1810, un hito fundacional, mientras que el 8 de diciembre honra una festividad cat\u00f3lica arraigada en la historia colonial. Adem\u00e1s, los puentes tur\u00edsticos \u2014d\u00edas no laborables opcionales\u2014 ampl\u00edan las oportunidades de ocio, beneficiando a industrias como la hoteler\u00eda y el transporte.<\/p>\n\n\n\n<p>Planificar alrededor de estos feriados es esencial para profesionales, familias y emprendedores. En 2026, se prev\u00e9n al menos cinco fines de semana largos, ideales para escapadas a destinos como las sierras cordobesas o las playas atl\u00e1nticas. Sin embargo, es importante notar que algunas provincias agregan feriados locales, como el D\u00eda de la Provincia en Buenos Aires o C\u00f3rdoba, que pueden extender los descansos regionales. El gobierno federal, a trav\u00e9s del Ministerio de Turismo, suele anunciar traslados en noviembre previo, asegurando transparencia. <\/p>\n\n\n\n<p>Este art\u00edculo detalla el calendario completo, explora su significado hist\u00f3rico y ofrece sugerencias pr\u00e1cticas para maximizar estos periodos. Al entender estos d\u00edas, los argentinos pueden fomentar un equilibrio entre trabajo y bienestar, contribuyendo al fortalecimiento social y cultural del pa\u00eds. En un a\u00f1o que marca avances en la recuperaci\u00f3n econ\u00f3mica, estos feriados subrayan la importancia de la pausa reflexiva en la vida cotidiana.<\/p>\n\n\n\n<h2 class=\"wp-block-heading\">Calendario Completo de Feriados Nacionales<\/h2>\n\n\n\n<h3 class=\"wp-block-heading\">Feriados del Primer Semestre: Enero a Junio<\/h3>\n\n\n\n<p>El primer semestre de 2026 presenta una distribuci\u00f3n moderada de feriados, con \u00e9nfasis en celebraciones c\u00edvicas y religiosas que marcan el inicio del a\u00f1o y la llegada del invierno austral. En total, siete feriados inamovibles y trasladables se concentran en estos meses, generando oportunidades para viajes cortos y reuniones familiares. El primero ocurre en enero, extendiendo las fiestas de fin de a\u00f1o, mientras que junio cierra con un fin de semana largo vinculado a la memoria hist\u00f3rica.<\/p>\n\n\n\n<p><strong>Lista de feriados principales:<\/strong><\/p>\n\n\n\n<ul class=\"wp-block-list\">\n<li><strong>1 de enero (viernes):<\/strong>\u00a0A\u00f1o Nuevo. Este d\u00eda inamovible inicia el calendario con un descanso general, permitiendo reflexiones sobre metas anuales. En 2026, al caer en viernes, crea un fin de semana de tres d\u00edas, ideal para actividades recreativas en parques nacionales.<\/li>\n\n\n\n<li><strong>12 y 13 de febrero (mi\u00e9rcoles y jueves):<\/strong>\u00a0Carnaval. Feriado trasladable que celebra tradiciones folcl\u00f3ricas con desfiles y m\u00fasica en ciudades como Gualeguaych\u00fa. Su colocaci\u00f3n media permite un puente opcional, fomentando el turismo cultural.<\/li>\n\n\n\n<li><strong>24 de marzo (martes):<\/strong>\u00a0D\u00eda Nacional de la Memoria por la Verdad y la Justicia. Inamovible, conmemora el golpe de Estado de 1976, promoviendo actos educativos y de derechos humanos en plazas y escuelas.<\/li>\n\n\n\n<li><strong>2 de abril (jueves):<\/strong>\u00a0D\u00eda del Veterano y de los Ca\u00eddos en la Guerra de Malvinas. Inamovible, rinde homenaje a los h\u00e9roes de 1982, con ceremonias en Ushuaia y Buenos Aires que resaltan la soberan\u00eda nacional.<\/li>\n\n\n\n<li><strong>24 de mayo (s\u00e1bado):<\/strong>\u00a0Celebraci\u00f3n del 25 de mayo (trasladado). Conmemora la Revoluci\u00f3n de Mayo de 1810, un pilar de la independencia. Al caer en s\u00e1bado, no genera puente, pero invita a asados patri\u00f3ticos.<\/li>\n\n\n\n<li><strong>15 de junio (s\u00e1bado):<\/strong>\u00a0Paso a la Inmortalidad del General G\u00fcemes (trasladado). Homenaje al h\u00e9roe gaucho de la independencia, con eventos en Salta que destacan el rol regional en la historia.<\/li>\n\n\n\n<li><strong>20 de junio (jueviernes):<\/strong>\u00a0Paso a la Inmortalidad del General Belgrano (trasladado). Celebra al creador de la bandera, con izamientos simb\u00f3licos y ferias en Rosario.<\/li>\n<\/ul>\n\n\n\n<p>Estos feriados no solo pausan la rutina laboral, sino que enriquecen el tejido social mediante eventos p\u00fablicos. Por instancia, el Carnaval impulsa econom\u00edas locales con un impacto estimado en millones de pesos en ventas de artesan\u00edas. En t\u00e9rminos de planificaci\u00f3n, el feriado de abril coincide con el oto\u00f1o, perfecto para visitas a vi\u00f1edos mendocinos. Las autoridades recomiendan verificar decretos provinciales, ya que regiones como el Litoral agregan d\u00edas para santos patronos. Esta etapa del a\u00f1o equilibra descanso con educaci\u00f3n c\u00edvica, preparando el terreno para el semestre productivo de invierno. En conjunto, estos siete d\u00edas representan un 3.5% del total anual, subrayando la prioridad del gobierno en el bienestar colectivo.<\/p>\n\n\n\n<h3 class=\"wp-block-heading\">Feriados del Segundo Semestre: Julio a Diciembre<\/h3>\n\n\n\n<p>El segundo semestre de 2026 acelera el ritmo festivo con nueve feriados, culminando en celebraciones navide\u00f1as que cierran el ciclo anual. Esta concentraci\u00f3n facilita la toma de vacaciones de fin de a\u00f1o, con traslados que crean puentes extensos en agosto y octubre. Julio inicia con un d\u00eda patri\u00f3tico, mientras diciembre ofrece un doble descanso religioso y c\u00edvico.<\/p>\n\n\n\n<p><strong>Lista detallada:<\/strong><\/p>\n\n\n\n<ul class=\"wp-block-list\">\n<li><strong>9 de julio (viernes):<\/strong>\u00a0D\u00eda de la Independencia. Inamovible, evoca la declaraci\u00f3n de 1816 en Tucum\u00e1n, con desfiles y fogones que fortalecen el sentido de unidad nacional. Su posici\u00f3n genera un fin de semana largo de cuatro d\u00edas.<\/li>\n\n\n\n<li><strong>17 de agosto (lunes):<\/strong>\u00a0Paso a la Inmortalidad del General San Mart\u00edn (trasladado). Homenaje al Libertador, con peregrinaciones andinas y exposiciones en museos porte\u00f1os.<\/li>\n\n\n\n<li><strong>12 de octubre (lunes):<\/strong>\u00a0D\u00eda del Respeto a la Diversidad Cultural (trasladado desde el 12 de octubre). Reemplaza el antiguo D\u00eda de la Raza, promoviendo inclusi\u00f3n con festivales multiculturales en barrios inmigrantes.<\/li>\n\n\n\n<li><strong>20 de noviembre (viernes):<\/strong>\u00a0D\u00eda de la Soberan\u00eda Nacional. Inamovible, recuerda la reconquista de Vuelta de Obligado en 1845, con actos en el Paran\u00e1 que resaltan la defensa territorial.<\/li>\n\n\n\n<li><strong>8 de diciembre (martes):<\/strong>\u00a0Inmaculada Concepci\u00f3n de Mar\u00eda. Feriado religioso inamovible, arraigado en la devoci\u00f3n cat\u00f3lica, con misas y procesiones en iglesias como Luj\u00e1n.<\/li>\n\n\n\n<li><strong>25 de diciembre (viernes):<\/strong>\u00a0Navidad. Cierre festivo con cenas familiares y villancicos, extendiendo el descanso al fin de semana.<\/li>\n<\/ul>\n\n\n\n<p>Adicionalmente, el 10 de junio (viernes) se conmemora el D\u00eda Nacional del Gaucho, aunque no siempre es oficial en todos los sectores. Estos feriados enfatizan la diversidad hist\u00f3rica de Argentina, desde la independencia hasta la integraci\u00f3n cultural moderna. En octubre, el traslado al lunes maximiza el turismo, con un impacto positivo en aerol\u00edneas y hoteles. Diciembre, con dos feriados cercanos, permite un cierre reflexivo del a\u00f1o, ideal para balances personales. Las provincias como Patagonia incorporan d\u00edas para h\u00e9roes locales, enriqueciendo el panorama. Este semestre, con su densidad, representa una oportunidad para desconexi\u00f3n, contribuyendo a la salud mental en un contexto laboral intensivo. En total, estos d\u00edas fomentan un turismo responsable, con \u00e9nfasis en sostenibilidad ambiental.<\/p>\n\n\n\n<h2 class=\"wp-block-heading\">Importancia Hist\u00f3rica y Cultural de los Feriados<\/h2>\n\n\n\n<p>Los feriados oficiales en Argentina trascienden el mero descanso, sirviendo como pilares para la preservaci\u00f3n de la memoria colectiva y la promoci\u00f3n de valores democr\u00e1ticos. Cada fecha est\u00e1 anclada en eventos pivotales: la Revoluci\u00f3n de Mayo simboliza el alumbramiento de la naci\u00f3n, mientras que el D\u00eda de la Memoria aborda las sombras del terrorismo de Estado, fomentando el di\u00e1logo intergeneracional. Culturalmente, estos d\u00edas integran tradiciones ind\u00edgenas, europeas y criollas, como en el Carnaval, donde m\u00e1scaras y sambas reflejan la fusi\u00f3n afro-latinoamericana.<\/p>\n\n\n\n<p><strong>Aspectos clave de su relevancia:<\/strong><\/p>\n\n\n\n<ul class=\"wp-block-list\">\n<li><strong>Educaci\u00f3n c\u00edvica:<\/strong>\u00a0Escuelas organizan talleres sobre Belgrano y San Mart\u00edn, inculcando patriotismo desde temprana edad.<\/li>\n\n\n\n<li><strong>Impacto econ\u00f3mico:<\/strong>\u00a0Generan hasta un 5% del PIB tur\u00edstico anual, seg\u00fan estudios del Ministerio de Econom\u00eda.<\/li>\n\n\n\n<li><strong>Inclusi\u00f3n social:<\/strong>\u00a0Feriados como el de la Diversidad Cultural combaten el racismo, aline\u00e1ndose con pol\u00edticas de equidad de g\u00e9nero y \u00e9tnica.<\/li>\n\n\n\n<li><strong>Religiosidad popular:<\/strong>\u00a0La Inmaculada Concepci\u00f3n une a millones en peregrinaciones, reforzando la identidad cat\u00f3lica en un pa\u00eds laico.<\/li>\n<\/ul>\n\n\n\n<p>Hist\u00f3ricamente, la legislaci\u00f3n de feriados evolucion\u00f3 desde la Constituci\u00f3n de 1853, adapt\u00e1ndose a demandas sociales como el sufragio femenino o la recuperaci\u00f3n democr\u00e1tica de 1983. En 2026, con elecciones pendientes, estos d\u00edas podr\u00edan acentuar debates sobre soberan\u00eda, especialmente en Malvinas. Culturalmente, inspiran arte: tangos sobre independencia o murales sobre la dictadura. Su observancia fomenta cohesi\u00f3n, permitiendo que comunidades marginadas, como pueblos originarios, reclamen visibilidad en fechas como el 12 de octubre. En un mundo globalizado, estos feriados preservan la argentinidad, equilibrando modernidad con herencia. Su estudio revela c\u00f3mo el tiempo libre moldea sociedades resilientes, promoviendo empat\u00eda y progreso. Al celebrar estos d\u00edas, Argentina no solo descansa, sino que se reinventa, asegurando que su narrativa hist\u00f3rica inspire futuras generaciones en un contexto de desaf\u00edos globales como el cambio clim\u00e1tico y la migraci\u00f3n.<\/p>\n\n\n\n<hr class=\"wp-block-separator has-alpha-channel-opacity\"\/>\n\n\n\n<p>En resumen, los d\u00edas festivos oficiales de 2026 en Argentina conforman un tapiz rico en historia, cultura y oportunidades de descanso, con 16 fechas que invitan a la pausa reflexiva y la conexi\u00f3n social. Desde el A\u00f1o Nuevo hasta la Navidad, estos momentos no solo suspenden el ajetreo diario, sino que revitalizan el esp\u00edritu nacional, recordando logros como la independencia y lecciones como la justicia por los desaparecidos. La distribuci\u00f3n equilibrada \u2014siete en el primer semestre y nueve en el segundo\u2014 facilita la planificaci\u00f3n, generando fines de semana largos que impulsan el turismo y la econom\u00eda local, con un potencial de millones en ingresos para regiones como Cuyo y el Litoral.<\/p>\n\n\n\n<p><strong>Recomendaciones pr\u00e1cticas para aprovecharlos:<\/strong><\/p>\n\n\n\n<ul class=\"wp-block-list\">\n<li><strong>Planificaci\u00f3n temprana:<\/strong>\u00a0Reserva hospedajes para puentes como julio y diciembre, priorizando opciones ecol\u00f3gicas.<\/li>\n\n\n\n<li><strong>Participaci\u00f3n c\u00edvica:<\/strong>\u00a0\u00danete a actos oficiales para profundizar el aprendizaje hist\u00f3rico, especialmente en escuelas y plazas.<\/li>\n\n\n\n<li><strong>Inclusi\u00f3n familiar:<\/strong>\u00a0Adapta celebraciones a diversidad cultural, incorporando gastronom\u00eda regional como empanadas salte\u00f1as o asados pampeanos.<\/li>\n\n\n\n<li><strong>Sostenibilidad:<\/strong>\u00a0Opta por viajes en transporte p\u00fablico para minimizar el impacto ambiental durante picos tur\u00edsticos.<\/li>\n<\/ul>\n\n\n\n<p>Estos feriados subrayan el compromiso del Estado con el bienestar, aline\u00e1ndose con objetivos de desarrollo sostenible de la ONU. En un a\u00f1o marcado por proyecciones de crecimiento econ\u00f3mico moderado, equilibrar trabajo y ocio es clave para la productividad a largo plazo. Invitamos a los lectores a consultar fuentes oficiales como el Bolet\u00edn Oficial para actualizaciones, ya que traslados podr\u00edan ajustarse. Al final, estos d\u00edas festivos no son meras interrupciones, sino catalizadores de unidad y renovaci\u00f3n. Celebrarlos con conciencia fortalece lazos comunitarios, asegurando que Argentina avance hacia un futuro inclusivo y pr\u00f3spero. Que 2026 sea un a\u00f1o de memorias vivas y horizontes compartidos.<\/p>\n\n\n\n<p><strong><em>Escrito por:<\/em><\/strong>&nbsp;<a href=\"https:\/\/www.linkedin.com\/in\/esli-michel-carvajal-carrada-6a43b5207\/\">Michel Carvajal<\/a><\/p>\n","protected":false},"excerpt":{"rendered":"<p>Los d\u00edas festivos oficiales en Argentina representan momentos clave en el calendario nacional, dise\u00f1ados para conmemorar eventos hist\u00f3ricos, religiosos y culturales que han moldeado la identidad del pa\u00eds. En 2026, el a\u00f1o contar\u00e1 con un total de 16 feriados nacionales, distribuidos de manera equilibrada a lo largo de los doce meses, lo que permite a [&hellip;]<\/p>\n","protected":false},"author":2,"featured_media":278953,"comment_status":"open","ping_status":"open","sticky":false,"template":"","format":"standard","meta":{"_acf_changed":false,"_seopress_robots_primary_cat":"none","_seopress_titles_title":"D\u00edas Festivos Oficiales 2026 en Argentina","_seopress_titles_desc":"Los d\u00edas festivos oficiales en Argentina representan momentos clave en el calendario nacional, dise\u00f1ados para conmemorar eventos hist\u00f3ricos, religiosos y culturales.","_seopress_robots_index":"","_et_pb_use_builder":"off","_et_pb_old_content":"","_et_gb_content_width":"","footnotes":""},"categories":[59,38,54],"tags":[],"class_list":["post-278950","post","type-post","status-publish","format-standard","has-post-thumbnail","hentry","category-argentina","category-ejecutivos","category-nacional"],"acf":[],"_links":{"self":[{"href":"https:\/\/anuariolatamseguros.com\/blog\/wp-json\/wp\/v2\/posts\/278950","targetHints":{"allow":["GET"]}}],"collection":[{"href":"https:\/\/anuariolatamseguros.com\/blog\/wp-json\/wp\/v2\/posts"}],"about":[{"href":"https:\/\/anuariolatamseguros.com\/blog\/wp-json\/wp\/v2\/types\/post"}],"author":[{"embeddable":true,"href":"https:\/\/anuariolatamseguros.com\/blog\/wp-json\/wp\/v2\/users\/2"}],"replies":[{"embeddable":true,"href":"https:\/\/anuariolatamseguros.com\/blog\/wp-json\/wp\/v2\/comments?post=278950"}],"version-history":[{"count":1,"href":"https:\/\/anuariolatamseguros.com\/blog\/wp-json\/wp\/v2\/posts\/278950\/revisions"}],"predecessor-version":[{"id":278954,"href":"https:\/\/anuariolatamseguros.com\/blog\/wp-json\/wp\/v2\/posts\/278950\/revisions\/278954"}],"wp:featuredmedia":[{"embeddable":true,"href":"https:\/\/anuariolatamseguros.com\/blog\/wp-json\/wp\/v2\/media\/278953"}],"wp:attachment":[{"href":"https:\/\/anuariolatamseguros.com\/blog\/wp-json\/wp\/v2\/media?parent=278950"}],"wp:term":[{"taxonomy":"category","embeddable":true,"href":"https:\/\/anuariolatamseguros.com\/blog\/wp-json\/wp\/v2\/categories?post=278950"},{"taxonomy":"post_tag","embeddable":true,"href":"https:\/\/anuariolatamseguros.com\/blog\/wp-json\/wp\/v2\/tags?post=278950"}],"curies":[{"name":"wp","href":"https:\/\/api.w.org\/{rel}","templated":true}]}}